{"id":1195035,"date":"2026-04-30T17:50:09","date_gmt":"2026-04-30T17:50:09","guid":{"rendered":"https:\/\/madeiraisland.news\/?p=1195035"},"modified":"2026-04-30T18:05:31","modified_gmt":"2026-04-30T18:05:31","slug":"deputados-do-psd-m-reuniram-com-o-reitor-da-uma","status":"publish","type":"post","link":"https:\/\/madeiraisland.news\/?p=1195035","title":{"rendered":"Deputados do PSD-M reuniram com o reitor da UMa"},"content":{"rendered":"<p>Os deputados do PSD Madeira reuniram com o reitor da Universidade da Madeira, num encontro de trabalho que se centrou no papel estrat\u00e9gico do ensino superior no desenvolvimento da Regi\u00e3o e na necessidade de assegurar condi\u00e7\u00f5es de financiamento mais equilibradas para as institui\u00e7\u00f5es de ensino superior sediadas nas Regi\u00f5es Aut\u00f3nomas. No final da reuni\u00e3o, o [\u2026]<\/p>\n","protected":false},"excerpt":{"rendered":"<p>Os deputados do PSD Madeira reuniram com o reitor da Universidade da Madeira, num encontro de trabalho que se centrou &#8230; <\/p>\n<p class=\"read-more-container\"><a title=\"Deputados do PSD-M reuniram com o reitor da UMa\" class=\"read-more button\" href=\"https:\/\/madeiraisland.news\/?p=1195035#more-1195035\" aria-label=\"Read more about Deputados do PSD-M reuniram com o reitor da UMa\">Read more<\/a><\/p>\n","protected":false},"author":258,"featured_media":0,"comment_status":"open","ping_status":"","sticky":false,"template":"","format":"standard","meta":{"footnotes":""},"categories":[19],"tags":[],"class_list":["post-1195035","post","type-post","status-publish","format-standard","hentry","category-madeira-island-news","infinite-scroll-item","masonry-post","generate-columns","tablet-grid-50","mobile-grid-100","grid-parent","grid-33"],"_links":{"self":[{"href":"https:\/\/madeiraisland.news\/index.php?rest_route=\/wp\/v2\/posts\/1195035","targetHints":{"allow":["GET"]}}],"collection":[{"href":"https:\/\/madeiraisland.news\/index.php?rest_route=\/wp\/v2\/posts"}],"about":[{"href":"https:\/\/madeiraisland.news\/index.php?rest_route=\/wp\/v2\/types\/post"}],"author":[{"embeddable":true,"href":"https:\/\/madeiraisland.news\/index.php?rest_route=\/wp\/v2\/users\/258"}],"replies":[{"embeddable":true,"href":"https:\/\/madeiraisland.news\/index.php?rest_route=%2Fwp%2Fv2%2Fcomments&post=1195035"}],"version-history":[{"count":1,"href":"https:\/\/madeiraisland.news\/index.php?rest_route=\/wp\/v2\/posts\/1195035\/revisions"}],"predecessor-version":[{"id":1195036,"href":"https:\/\/madeiraisland.news\/index.php?rest_route=\/wp\/v2\/posts\/1195035\/revisions\/1195036"}],"wp:attachment":[{"href":"https:\/\/madeiraisland.news\/index.php?rest_route=%2Fwp%2Fv2%2Fmedia&parent=1195035"}],"wp:term":[{"taxonomy":"category","embeddable":true,"href":"https:\/\/madeiraisland.news\/index.php?rest_route=%2Fwp%2Fv2%2Fcategories&post=1195035"},{"taxonomy":"post_tag","embeddable":true,"href":"https:\/\/madeiraisland.news\/index.php?rest_route=%2Fwp%2Fv2%2Ftags&post=1195035"}],"curies":[{"name":"wp","href":"https:\/\/api.w.org\/{rel}","templated":true}]}}