{"id":1195030,"date":"2026-04-30T16:45:32","date_gmt":"2026-04-30T16:45:32","guid":{"rendered":"https:\/\/madeiraisland.news\/?p=1195030"},"modified":"2026-04-30T17:11:40","modified_gmt":"2026-04-30T17:11:40","slug":"rui-caetano-critica-incapacidade-gritante-da-cmf-em-resolver-problemas","status":"publish","type":"post","link":"https:\/\/madeiraisland.news\/?p=1195030","title":{"rendered":"Rui Caetano critica \u201cincapacidade gritante\u201d da CMF em resolver problemas"},"content":{"rendered":"<p>O vereador do PS na C\u00e2mara Municipal do Funchal criticou, hoje, a incapacidade do executivo PSD\/CDS para resolver os problemas dos funchalenses, revelando mesmo que muitos mun\u00edcipes se sentem \u201cabandonados\u201d pela autarquia e continuam \u00e0 espera do cumprimento de promessas sucessivamente adiadas. Na reuni\u00e3o p\u00fablica de hoje, que contou com a presen\u00e7a de dezenas de [\u2026]<\/p>\n","protected":false},"excerpt":{"rendered":"<p>O vereador do PS na C\u00e2mara Municipal do Funchal criticou, hoje, a incapacidade do executivo PSD\/CDS para resolver os problemas &#8230; <\/p>\n<p class=\"read-more-container\"><a title=\"Rui Caetano critica \u201cincapacidade gritante\u201d da CMF em resolver problemas\" class=\"read-more button\" href=\"https:\/\/madeiraisland.news\/?p=1195030#more-1195030\" aria-label=\"Read more about Rui Caetano critica \u201cincapacidade gritante\u201d da CMF em resolver problemas\">Read more<\/a><\/p>\n","protected":false},"author":258,"featured_media":0,"comment_status":"open","ping_status":"","sticky":false,"template":"","format":"standard","meta":{"footnotes":""},"categories":[19],"tags":[],"class_list":["post-1195030","post","type-post","status-publish","format-standard","hentry","category-madeira-island-news","infinite-scroll-item","masonry-post","generate-columns","tablet-grid-50","mobile-grid-100","grid-parent","grid-33"],"_links":{"self":[{"href":"https:\/\/madeiraisland.news\/index.php?rest_route=\/wp\/v2\/posts\/1195030","targetHints":{"allow":["GET"]}}],"collection":[{"href":"https:\/\/madeiraisland.news\/index.php?rest_route=\/wp\/v2\/posts"}],"about":[{"href":"https:\/\/madeiraisland.news\/index.php?rest_route=\/wp\/v2\/types\/post"}],"author":[{"embeddable":true,"href":"https:\/\/madeiraisland.news\/index.php?rest_route=\/wp\/v2\/users\/258"}],"replies":[{"embeddable":true,"href":"https:\/\/madeiraisland.news\/index.php?rest_route=%2Fwp%2Fv2%2Fcomments&post=1195030"}],"version-history":[{"count":1,"href":"https:\/\/madeiraisland.news\/index.php?rest_route=\/wp\/v2\/posts\/1195030\/revisions"}],"predecessor-version":[{"id":1195031,"href":"https:\/\/madeiraisland.news\/index.php?rest_route=\/wp\/v2\/posts\/1195030\/revisions\/1195031"}],"wp:attachment":[{"href":"https:\/\/madeiraisland.news\/index.php?rest_route=%2Fwp%2Fv2%2Fmedia&parent=1195030"}],"wp:term":[{"taxonomy":"category","embeddable":true,"href":"https:\/\/madeiraisland.news\/index.php?rest_route=%2Fwp%2Fv2%2Fcategories&post=1195030"},{"taxonomy":"post_tag","embeddable":true,"href":"https:\/\/madeiraisland.news\/index.php?rest_route=%2Fwp%2Fv2%2Ftags&post=1195030"}],"curies":[{"name":"wp","href":"https:\/\/api.w.org\/{rel}","templated":true}]}}