{"id":1195028,"date":"2026-04-30T16:51:56","date_gmt":"2026-04-30T16:51:56","guid":{"rendered":"https:\/\/madeiraisland.news\/?p=1195028"},"modified":"2026-04-30T17:11:40","modified_gmt":"2026-04-30T17:11:40","slug":"aprovada-candidatura-das-sociedades-de-desenvolvimento-para-formacao-profissional","status":"publish","type":"post","link":"https:\/\/madeiraisland.news\/?p=1195028","title":{"rendered":"Aprovada candidatura das sociedades de desenvolvimento para forma\u00e7\u00e3o profissional"},"content":{"rendered":"<p>A Sociedade de Desenvolvimento do Norte da Madeira (SDNM) viu a sua candidatura \u2018M2030-FSE+-03454800 \u2013 Academia Forma\u00e7\u00e3o Profissional das Sociedades Desenvolvimento\u2019, ser aprovada pela Autoridade de Gest\u00e3o Programa Regional da Madeira 2021-2027, refere uma nota da Secretaria Regional de Equipamentos e Infraestruturas. Com uma comparticipa\u00e7\u00e3o m\u00e1xima de fundos europeus de 58.463,72\u20ac, esta candidatura \u2013 a [\u2026]<\/p>\n","protected":false},"excerpt":{"rendered":"<p>A Sociedade de Desenvolvimento do Norte da Madeira (SDNM) viu a sua candidatura \u2018M2030-FSE+-03454800 \u2013 Academia Forma\u00e7\u00e3o Profissional das Sociedades &#8230; <\/p>\n<p class=\"read-more-container\"><a title=\"Aprovada candidatura das sociedades de desenvolvimento para forma\u00e7\u00e3o profissional\" class=\"read-more button\" href=\"https:\/\/madeiraisland.news\/?p=1195028#more-1195028\" aria-label=\"Read more about Aprovada candidatura das sociedades de desenvolvimento para forma\u00e7\u00e3o profissional\">Read more<\/a><\/p>\n","protected":false},"author":258,"featured_media":0,"comment_status":"open","ping_status":"","sticky":false,"template":"","format":"standard","meta":{"footnotes":""},"categories":[19],"tags":[],"class_list":["post-1195028","post","type-post","status-publish","format-standard","hentry","category-madeira-island-news","infinite-scroll-item","masonry-post","generate-columns","tablet-grid-50","mobile-grid-100","grid-parent","grid-33"],"_links":{"self":[{"href":"https:\/\/madeiraisland.news\/index.php?rest_route=\/wp\/v2\/posts\/1195028","targetHints":{"allow":["GET"]}}],"collection":[{"href":"https:\/\/madeiraisland.news\/index.php?rest_route=\/wp\/v2\/posts"}],"about":[{"href":"https:\/\/madeiraisland.news\/index.php?rest_route=\/wp\/v2\/types\/post"}],"author":[{"embeddable":true,"href":"https:\/\/madeiraisland.news\/index.php?rest_route=\/wp\/v2\/users\/258"}],"replies":[{"embeddable":true,"href":"https:\/\/madeiraisland.news\/index.php?rest_route=%2Fwp%2Fv2%2Fcomments&post=1195028"}],"version-history":[{"count":1,"href":"https:\/\/madeiraisland.news\/index.php?rest_route=\/wp\/v2\/posts\/1195028\/revisions"}],"predecessor-version":[{"id":1195029,"href":"https:\/\/madeiraisland.news\/index.php?rest_route=\/wp\/v2\/posts\/1195028\/revisions\/1195029"}],"wp:attachment":[{"href":"https:\/\/madeiraisland.news\/index.php?rest_route=%2Fwp%2Fv2%2Fmedia&parent=1195028"}],"wp:term":[{"taxonomy":"category","embeddable":true,"href":"https:\/\/madeiraisland.news\/index.php?rest_route=%2Fwp%2Fv2%2Fcategories&post=1195028"},{"taxonomy":"post_tag","embeddable":true,"href":"https:\/\/madeiraisland.news\/index.php?rest_route=%2Fwp%2Fv2%2Ftags&post=1195028"}],"curies":[{"name":"wp","href":"https:\/\/api.w.org\/{rel}","templated":true}]}}