{"id":1195026,"date":"2026-04-30T16:29:21","date_gmt":"2026-04-30T16:29:21","guid":{"rendered":"https:\/\/madeiraisland.news\/?p=1195026"},"modified":"2026-04-30T16:29:39","modified_gmt":"2026-04-30T16:29:39","slug":"gr-avanca-com-alteracao-para-concretizar-investimentos-do-prr-para-a-rede-de-cuidados-continuados","status":"publish","type":"post","link":"https:\/\/madeiraisland.news\/?p=1195026","title":{"rendered":"GR avan\u00e7a com altera\u00e7\u00e3o para concretizar investimentos do PRR para a Rede de Cuidados Continuados"},"content":{"rendered":"<p>Os governantes reunidos hoje em Conselho de Governo, decidiram aprovar a proposta de Decreto Legislativo Regional que procede \u00e0 primeira altera\u00e7\u00e3o ao Decreto Legislativo Regional n.\u00ba 18\/2022\/M, de 5 de Agosto, que estabelece as condi\u00e7\u00f5es necess\u00e1rias \u00e0 concretiza\u00e7\u00e3o dos investimentos previstos no Plano de Recupera\u00e7\u00e3o e Resili\u00eancia (PRR) para a Rede de Cuidados Continuados Integrados [\u2026]<\/p>\n","protected":false},"excerpt":{"rendered":"<p>Os governantes reunidos hoje em Conselho de Governo, decidiram aprovar a proposta de Decreto Legislativo Regional que procede \u00e0 primeira &#8230; <\/p>\n<p class=\"read-more-container\"><a title=\"GR avan\u00e7a com altera\u00e7\u00e3o para concretizar investimentos do PRR para a Rede de Cuidados Continuados\" class=\"read-more button\" href=\"https:\/\/madeiraisland.news\/?p=1195026#more-1195026\" aria-label=\"Read more about GR avan\u00e7a com altera\u00e7\u00e3o para concretizar investimentos do PRR para a Rede de Cuidados Continuados\">Read more<\/a><\/p>\n","protected":false},"author":258,"featured_media":0,"comment_status":"open","ping_status":"","sticky":false,"template":"","format":"standard","meta":{"footnotes":""},"categories":[19],"tags":[],"class_list":["post-1195026","post","type-post","status-publish","format-standard","hentry","category-madeira-island-news","infinite-scroll-item","masonry-post","generate-columns","tablet-grid-50","mobile-grid-100","grid-parent","grid-33"],"_links":{"self":[{"href":"https:\/\/madeiraisland.news\/index.php?rest_route=\/wp\/v2\/posts\/1195026","targetHints":{"allow":["GET"]}}],"collection":[{"href":"https:\/\/madeiraisland.news\/index.php?rest_route=\/wp\/v2\/posts"}],"about":[{"href":"https:\/\/madeiraisland.news\/index.php?rest_route=\/wp\/v2\/types\/post"}],"author":[{"embeddable":true,"href":"https:\/\/madeiraisland.news\/index.php?rest_route=\/wp\/v2\/users\/258"}],"replies":[{"embeddable":true,"href":"https:\/\/madeiraisland.news\/index.php?rest_route=%2Fwp%2Fv2%2Fcomments&post=1195026"}],"version-history":[{"count":1,"href":"https:\/\/madeiraisland.news\/index.php?rest_route=\/wp\/v2\/posts\/1195026\/revisions"}],"predecessor-version":[{"id":1195027,"href":"https:\/\/madeiraisland.news\/index.php?rest_route=\/wp\/v2\/posts\/1195026\/revisions\/1195027"}],"wp:attachment":[{"href":"https:\/\/madeiraisland.news\/index.php?rest_route=%2Fwp%2Fv2%2Fmedia&parent=1195026"}],"wp:term":[{"taxonomy":"category","embeddable":true,"href":"https:\/\/madeiraisland.news\/index.php?rest_route=%2Fwp%2Fv2%2Fcategories&post=1195026"},{"taxonomy":"post_tag","embeddable":true,"href":"https:\/\/madeiraisland.news\/index.php?rest_route=%2Fwp%2Fv2%2Ftags&post=1195026"}],"curies":[{"name":"wp","href":"https:\/\/api.w.org\/{rel}","templated":true}]}}