{"id":1195024,"date":"2026-04-30T16:21:13","date_gmt":"2026-04-30T16:21:13","guid":{"rendered":"https:\/\/madeiraisland.news\/?p=1195024"},"modified":"2026-04-30T16:22:57","modified_gmt":"2026-04-30T16:22:57","slug":"cmf-8-protocolos-assinados-no-ambito-do-associativismo-juvenil","status":"publish","type":"post","link":"https:\/\/madeiraisland.news\/?p=1195024","title":{"rendered":"CMF: 8 protocolos assinados no \u00e2mbito do associativismo juvenil"},"content":{"rendered":"<p>A C\u00e2mara Municipal do Funchal (CMF) formalizou esta quinta-feira, Dia Nacional do Associativismo Jovem, a assinatura de oito protocolos de coopera\u00e7\u00e3o com associa\u00e7\u00f5es juvenis, num investimento global de 50.900 euros para o ano de 2026, refere uma nota da edilidade. A vereadora com o pelouro da Juventude, Helena Leal, frisou o compromisso do executivo municipal [\u2026]<\/p>\n","protected":false},"excerpt":{"rendered":"<p>A C\u00e2mara Municipal do Funchal (CMF) formalizou esta quinta-feira, Dia Nacional do Associativismo Jovem, a assinatura de oito protocolos de &#8230; <\/p>\n<p class=\"read-more-container\"><a title=\"CMF: 8 protocolos assinados no \u00e2mbito do associativismo juvenil\" class=\"read-more button\" href=\"https:\/\/madeiraisland.news\/?p=1195024#more-1195024\" aria-label=\"Read more about CMF: 8 protocolos assinados no \u00e2mbito do associativismo juvenil\">Read more<\/a><\/p>\n","protected":false},"author":258,"featured_media":0,"comment_status":"open","ping_status":"","sticky":false,"template":"","format":"standard","meta":{"footnotes":""},"categories":[19],"tags":[],"class_list":["post-1195024","post","type-post","status-publish","format-standard","hentry","category-madeira-island-news","infinite-scroll-item","masonry-post","generate-columns","tablet-grid-50","mobile-grid-100","grid-parent","grid-33"],"_links":{"self":[{"href":"https:\/\/madeiraisland.news\/index.php?rest_route=\/wp\/v2\/posts\/1195024","targetHints":{"allow":["GET"]}}],"collection":[{"href":"https:\/\/madeiraisland.news\/index.php?rest_route=\/wp\/v2\/posts"}],"about":[{"href":"https:\/\/madeiraisland.news\/index.php?rest_route=\/wp\/v2\/types\/post"}],"author":[{"embeddable":true,"href":"https:\/\/madeiraisland.news\/index.php?rest_route=\/wp\/v2\/users\/258"}],"replies":[{"embeddable":true,"href":"https:\/\/madeiraisland.news\/index.php?rest_route=%2Fwp%2Fv2%2Fcomments&post=1195024"}],"version-history":[{"count":1,"href":"https:\/\/madeiraisland.news\/index.php?rest_route=\/wp\/v2\/posts\/1195024\/revisions"}],"predecessor-version":[{"id":1195025,"href":"https:\/\/madeiraisland.news\/index.php?rest_route=\/wp\/v2\/posts\/1195024\/revisions\/1195025"}],"wp:attachment":[{"href":"https:\/\/madeiraisland.news\/index.php?rest_route=%2Fwp%2Fv2%2Fmedia&parent=1195024"}],"wp:term":[{"taxonomy":"category","embeddable":true,"href":"https:\/\/madeiraisland.news\/index.php?rest_route=%2Fwp%2Fv2%2Fcategories&post=1195024"},{"taxonomy":"post_tag","embeddable":true,"href":"https:\/\/madeiraisland.news\/index.php?rest_route=%2Fwp%2Fv2%2Ftags&post=1195024"}],"curies":[{"name":"wp","href":"https:\/\/api.w.org\/{rel}","templated":true}]}}