{"id":1195022,"date":"2026-04-30T15:11:36","date_gmt":"2026-04-30T15:11:36","guid":{"rendered":"https:\/\/madeiraisland.news\/?p=1195022"},"modified":"2026-04-30T15:21:25","modified_gmt":"2026-04-30T15:21:25","slug":"jpp-indignado-com-rejeicao-da-sua-proposta-contra-o-desperdicio-alimentar","status":"publish","type":"post","link":"https:\/\/madeiraisland.news\/?p=1195022","title":{"rendered":"JPP indignado com rejei\u00e7\u00e3o da sua proposta contra o desperd\u00edcio alimentar"},"content":{"rendered":"<p>A maioria PSD\/CDS na C\u00e2mara Municipal do Funchal (CMF) rejeitou esta quinta-feira a proposta do Juntos Pelo Povo (JPP) para a cria\u00e7\u00e3o do Comissariado Municipal para a Preven\u00e7\u00e3o e Combate ao Desperd\u00edcio Alimentar no Funchal. Desde que a nova verea\u00e7\u00e3o foi instalada, h\u00e1 seis meses, PSD\/CDS chumbaram todas as oito iniciativas apresentadas pelo maior partido [\u2026]<\/p>\n","protected":false},"excerpt":{"rendered":"<p>A maioria PSD\/CDS na C\u00e2mara Municipal do Funchal (CMF) rejeitou esta quinta-feira a proposta do Juntos Pelo Povo (JPP) para &#8230; <\/p>\n<p class=\"read-more-container\"><a title=\"JPP indignado com rejei\u00e7\u00e3o da sua proposta contra o desperd\u00edcio alimentar\" class=\"read-more button\" href=\"https:\/\/madeiraisland.news\/?p=1195022#more-1195022\" aria-label=\"Read more about JPP indignado com rejei\u00e7\u00e3o da sua proposta contra o desperd\u00edcio alimentar\">Read more<\/a><\/p>\n","protected":false},"author":258,"featured_media":0,"comment_status":"open","ping_status":"","sticky":false,"template":"","format":"standard","meta":{"footnotes":""},"categories":[19],"tags":[],"class_list":["post-1195022","post","type-post","status-publish","format-standard","hentry","category-madeira-island-news","infinite-scroll-item","masonry-post","generate-columns","tablet-grid-50","mobile-grid-100","grid-parent","grid-33"],"_links":{"self":[{"href":"https:\/\/madeiraisland.news\/index.php?rest_route=\/wp\/v2\/posts\/1195022","targetHints":{"allow":["GET"]}}],"collection":[{"href":"https:\/\/madeiraisland.news\/index.php?rest_route=\/wp\/v2\/posts"}],"about":[{"href":"https:\/\/madeiraisland.news\/index.php?rest_route=\/wp\/v2\/types\/post"}],"author":[{"embeddable":true,"href":"https:\/\/madeiraisland.news\/index.php?rest_route=\/wp\/v2\/users\/258"}],"replies":[{"embeddable":true,"href":"https:\/\/madeiraisland.news\/index.php?rest_route=%2Fwp%2Fv2%2Fcomments&post=1195022"}],"version-history":[{"count":1,"href":"https:\/\/madeiraisland.news\/index.php?rest_route=\/wp\/v2\/posts\/1195022\/revisions"}],"predecessor-version":[{"id":1195023,"href":"https:\/\/madeiraisland.news\/index.php?rest_route=\/wp\/v2\/posts\/1195022\/revisions\/1195023"}],"wp:attachment":[{"href":"https:\/\/madeiraisland.news\/index.php?rest_route=%2Fwp%2Fv2%2Fmedia&parent=1195022"}],"wp:term":[{"taxonomy":"category","embeddable":true,"href":"https:\/\/madeiraisland.news\/index.php?rest_route=%2Fwp%2Fv2%2Fcategories&post=1195022"},{"taxonomy":"post_tag","embeddable":true,"href":"https:\/\/madeiraisland.news\/index.php?rest_route=%2Fwp%2Fv2%2Ftags&post=1195022"}],"curies":[{"name":"wp","href":"https:\/\/api.w.org\/{rel}","templated":true}]}}