{"id":1195020,"date":"2026-04-30T15:15:11","date_gmt":"2026-04-30T15:15:11","guid":{"rendered":"https:\/\/madeiraisland.news\/?p=1195020"},"modified":"2026-04-30T15:21:25","modified_gmt":"2026-04-30T15:21:25","slug":"paula-margarido-presidira-a-homenagem-ao-trabalhador-madeirense-na-av-sa-carneiro","status":"publish","type":"post","link":"https:\/\/madeiraisland.news\/?p=1195020","title":{"rendered":"Paula Margarido presidir\u00e1 \u00e0 homenagem ao Trabalhador Madeirense na Av. S\u00e1 Carneiro"},"content":{"rendered":"<p>Por ocasi\u00e3o das comemora\u00e7\u00f5es do 1.\u00b0 de Maio, Dia do Trabalhador, ter\u00e1 lugar amanh\u00e3, sexta-feira, pelas 12h30, a tradicional\u00a0deposi\u00e7\u00e3o\u00a0de\u00a0flores junto\u00a0ao\u00a0Monumento\u00a0ao\u00a0Trabalhador Madeirense, localizado na Avenida S\u00e1 Carneiro. A cerim\u00f3nia de homenagem aos trabalhadores madeirenses ser\u00e1 presidida pela secret\u00e1ria regional de Inclus\u00e3o, Trabalho e Juventude, Paula Margarido, e contar\u00e1 com a presen\u00e7a dos dirigentes de Servi\u00e7os sob [\u2026]<\/p>\n","protected":false},"excerpt":{"rendered":"<p>Por ocasi\u00e3o das comemora\u00e7\u00f5es do 1.\u00b0 de Maio, Dia do Trabalhador, ter\u00e1 lugar amanh\u00e3, sexta-feira, pelas 12h30, a tradicional\u00a0deposi\u00e7\u00e3o\u00a0de\u00a0flores junto\u00a0ao\u00a0Monumento\u00a0ao\u00a0Trabalhador &#8230; <\/p>\n<p class=\"read-more-container\"><a title=\"Paula Margarido presidir\u00e1 \u00e0 homenagem ao Trabalhador Madeirense na Av. S\u00e1 Carneiro\" class=\"read-more button\" href=\"https:\/\/madeiraisland.news\/?p=1195020#more-1195020\" aria-label=\"Read more about Paula Margarido presidir\u00e1 \u00e0 homenagem ao Trabalhador Madeirense na Av. S\u00e1 Carneiro\">Read more<\/a><\/p>\n","protected":false},"author":258,"featured_media":0,"comment_status":"open","ping_status":"","sticky":false,"template":"","format":"standard","meta":{"footnotes":""},"categories":[19],"tags":[],"class_list":["post-1195020","post","type-post","status-publish","format-standard","hentry","category-madeira-island-news","infinite-scroll-item","masonry-post","generate-columns","tablet-grid-50","mobile-grid-100","grid-parent","grid-33"],"_links":{"self":[{"href":"https:\/\/madeiraisland.news\/index.php?rest_route=\/wp\/v2\/posts\/1195020","targetHints":{"allow":["GET"]}}],"collection":[{"href":"https:\/\/madeiraisland.news\/index.php?rest_route=\/wp\/v2\/posts"}],"about":[{"href":"https:\/\/madeiraisland.news\/index.php?rest_route=\/wp\/v2\/types\/post"}],"author":[{"embeddable":true,"href":"https:\/\/madeiraisland.news\/index.php?rest_route=\/wp\/v2\/users\/258"}],"replies":[{"embeddable":true,"href":"https:\/\/madeiraisland.news\/index.php?rest_route=%2Fwp%2Fv2%2Fcomments&post=1195020"}],"version-history":[{"count":1,"href":"https:\/\/madeiraisland.news\/index.php?rest_route=\/wp\/v2\/posts\/1195020\/revisions"}],"predecessor-version":[{"id":1195021,"href":"https:\/\/madeiraisland.news\/index.php?rest_route=\/wp\/v2\/posts\/1195020\/revisions\/1195021"}],"wp:attachment":[{"href":"https:\/\/madeiraisland.news\/index.php?rest_route=%2Fwp%2Fv2%2Fmedia&parent=1195020"}],"wp:term":[{"taxonomy":"category","embeddable":true,"href":"https:\/\/madeiraisland.news\/index.php?rest_route=%2Fwp%2Fv2%2Fcategories&post=1195020"},{"taxonomy":"post_tag","embeddable":true,"href":"https:\/\/madeiraisland.news\/index.php?rest_route=%2Fwp%2Fv2%2Ftags&post=1195020"}],"curies":[{"name":"wp","href":"https:\/\/api.w.org\/{rel}","templated":true}]}}