{"id":1195017,"date":"2026-04-30T14:57:44","date_gmt":"2026-04-30T14:57:44","guid":{"rendered":"https:\/\/madeiraisland.news\/?p=1195017"},"modified":"2026-04-30T15:07:40","modified_gmt":"2026-04-30T15:07:40","slug":"pelo-menos-3-portugueses-estavam-na-flotilha-interceptada-por-israel","status":"publish","type":"post","link":"https:\/\/madeiraisland.news\/?p=1195017","title":{"rendered":"Pelo menos 3 portugueses estavam na flotilha interceptada por Israel"},"content":{"rendered":"<p>Pelo menos tr\u00eas portugueses participam na flotilha &#8216;Global Sumud&#8217; para Gaza, avan\u00e7ou hoje o Governo, adiantando aguardar que Israel confirme se estavam entre os detidos na interce\u00e7\u00e3o de alguns barcos realizada quarta-feira \u00e0 noite.<br \/>\nNuma publica\u00e7\u00e3o no &#8216;site&#8217; Portal Diplom\u00e1tico, o Minist\u00e9rio dos Neg\u00f3cios Estrangeiros afirmou ter tomado conhecimento, pela embaixada de Portugal em Telavive, que &#8220;pelo menos tr\u00eas cidad\u00e3os nacionais integravam a flotilha&#8221; de 58 navios que se dirigiam a Gaza para quebra<\/p>\n","protected":false},"excerpt":{"rendered":"<p>Pelo menos tr\u00eas portugueses participam na flotilha &#8216;Global Sumud&#8217; para Gaza, avan\u00e7ou hoje o Governo, adiantando aguardar que Israel confirme se estavam entre os detidos na interce\u00e7\u00e3o de alguns barcos realizada quarta-feira \u00e0 noite. Numa<\/p>\n","protected":false},"author":5,"featured_media":0,"comment_status":"open","ping_status":"","sticky":false,"template":"","format":"standard","meta":{"footnotes":""},"categories":[19],"tags":[],"class_list":["post-1195017","post","type-post","status-publish","format-standard","hentry","category-madeira-island-news","infinite-scroll-item","masonry-post","generate-columns","tablet-grid-50","mobile-grid-100","grid-parent","grid-33"],"_links":{"self":[{"href":"https:\/\/madeiraisland.news\/index.php?rest_route=\/wp\/v2\/posts\/1195017","targetHints":{"allow":["GET"]}}],"collection":[{"href":"https:\/\/madeiraisland.news\/index.php?rest_route=\/wp\/v2\/posts"}],"about":[{"href":"https:\/\/madeiraisland.news\/index.php?rest_route=\/wp\/v2\/types\/post"}],"author":[{"embeddable":true,"href":"https:\/\/madeiraisland.news\/index.php?rest_route=\/wp\/v2\/users\/5"}],"replies":[{"embeddable":true,"href":"https:\/\/madeiraisland.news\/index.php?rest_route=%2Fwp%2Fv2%2Fcomments&post=1195017"}],"version-history":[{"count":2,"href":"https:\/\/madeiraisland.news\/index.php?rest_route=\/wp\/v2\/posts\/1195017\/revisions"}],"predecessor-version":[{"id":1195019,"href":"https:\/\/madeiraisland.news\/index.php?rest_route=\/wp\/v2\/posts\/1195017\/revisions\/1195019"}],"wp:attachment":[{"href":"https:\/\/madeiraisland.news\/index.php?rest_route=%2Fwp%2Fv2%2Fmedia&parent=1195017"}],"wp:term":[{"taxonomy":"category","embeddable":true,"href":"https:\/\/madeiraisland.news\/index.php?rest_route=%2Fwp%2Fv2%2Fcategories&post=1195017"},{"taxonomy":"post_tag","embeddable":true,"href":"https:\/\/madeiraisland.news\/index.php?rest_route=%2Fwp%2Fv2%2Ftags&post=1195017"}],"curies":[{"name":"wp","href":"https:\/\/api.w.org\/{rel}","templated":true}]}}