{"id":1195015,"date":"2026-04-30T14:45:07","date_gmt":"2026-04-30T14:45:07","guid":{"rendered":"https:\/\/madeiraisland.news\/?p=1195015"},"modified":"2026-04-30T15:07:39","modified_gmt":"2026-04-30T15:07:39","slug":"mercado-dos-lavradores-vai-acolher-1a-edicao-do-spring-market","status":"publish","type":"post","link":"https:\/\/madeiraisland.news\/?p=1195015","title":{"rendered":"Mercado dos Lavradores vai acolher 1\u00aa edi\u00e7\u00e3o do \u201cSpring Market\u201d"},"content":{"rendered":"<p>A C\u00e2mara Municipal do Funchal tem vindo a implementar, de forma sistem\u00e1tica e consistente, um conjunto de iniciativas que visam a dinamiza\u00e7\u00e3o e valoriza\u00e7\u00e3o dos Mercados Municipais, refor\u00e7ando o seu papel enquanto espa\u00e7os de refer\u00eancia na cidade. Neste \u00e2mbito, e integrado na programa\u00e7\u00e3o da 3.\u00aa edi\u00e7\u00e3o de \u201cMaio, M\u00eas dos Mercados\u201d, a C\u00e2mara Municipal do [\u2026]<\/p>\n","protected":false},"excerpt":{"rendered":"<p>A C\u00e2mara Municipal do Funchal tem vindo a implementar, de forma sistem\u00e1tica e consistente, um conjunto de iniciativas que visam &#8230; <\/p>\n<p class=\"read-more-container\"><a title=\"Mercado dos Lavradores vai acolher 1\u00aa edi\u00e7\u00e3o do \u201cSpring Market\u201d\" class=\"read-more button\" href=\"https:\/\/madeiraisland.news\/?p=1195015#more-1195015\" aria-label=\"Read more about Mercado dos Lavradores vai acolher 1\u00aa edi\u00e7\u00e3o do \u201cSpring Market\u201d\">Read more<\/a><\/p>\n","protected":false},"author":258,"featured_media":0,"comment_status":"open","ping_status":"","sticky":false,"template":"","format":"standard","meta":{"footnotes":""},"categories":[19],"tags":[],"class_list":["post-1195015","post","type-post","status-publish","format-standard","hentry","category-madeira-island-news","infinite-scroll-item","masonry-post","generate-columns","tablet-grid-50","mobile-grid-100","grid-parent","grid-33"],"_links":{"self":[{"href":"https:\/\/madeiraisland.news\/index.php?rest_route=\/wp\/v2\/posts\/1195015","targetHints":{"allow":["GET"]}}],"collection":[{"href":"https:\/\/madeiraisland.news\/index.php?rest_route=\/wp\/v2\/posts"}],"about":[{"href":"https:\/\/madeiraisland.news\/index.php?rest_route=\/wp\/v2\/types\/post"}],"author":[{"embeddable":true,"href":"https:\/\/madeiraisland.news\/index.php?rest_route=\/wp\/v2\/users\/258"}],"replies":[{"embeddable":true,"href":"https:\/\/madeiraisland.news\/index.php?rest_route=%2Fwp%2Fv2%2Fcomments&post=1195015"}],"version-history":[{"count":1,"href":"https:\/\/madeiraisland.news\/index.php?rest_route=\/wp\/v2\/posts\/1195015\/revisions"}],"predecessor-version":[{"id":1195016,"href":"https:\/\/madeiraisland.news\/index.php?rest_route=\/wp\/v2\/posts\/1195015\/revisions\/1195016"}],"wp:attachment":[{"href":"https:\/\/madeiraisland.news\/index.php?rest_route=%2Fwp%2Fv2%2Fmedia&parent=1195015"}],"wp:term":[{"taxonomy":"category","embeddable":true,"href":"https:\/\/madeiraisland.news\/index.php?rest_route=%2Fwp%2Fv2%2Fcategories&post=1195015"},{"taxonomy":"post_tag","embeddable":true,"href":"https:\/\/madeiraisland.news\/index.php?rest_route=%2Fwp%2Fv2%2Ftags&post=1195015"}],"curies":[{"name":"wp","href":"https:\/\/api.w.org\/{rel}","templated":true}]}}