{"id":1195013,"date":"2026-04-30T14:50:26","date_gmt":"2026-04-30T14:50:26","guid":{"rendered":"https:\/\/madeiraisland.news\/?p=1195013"},"modified":"2026-04-30T15:07:39","modified_gmt":"2026-04-30T15:07:39","slug":"concertacao-social-discutida-entre-arquipelagos-e-continente","status":"publish","type":"post","link":"https:\/\/madeiraisland.news\/?p=1195013","title":{"rendered":"Concerta\u00e7\u00e3o Social discutida entre arquip\u00e9lagos e continente"},"content":{"rendered":"<p>O presidente do Conselho Econ\u00f3mico e da Concerta\u00e7\u00e3o Social da Regi\u00e3o Aut\u00f3noma da Madeira, Ant\u00f3nio Abreu, participou, no passado dia 29 de Abril, no \u201cEncontro dos Conselhos Econ\u00f3micos e Sociais \u2013 50 anos da Autonomia dos A\u00e7ores\u201d, realizado em Ponta Delgada. Este encontro surge na sequ\u00eancia da iniciativa promovida no ano passado na Regi\u00e3o Aut\u00f3noma [\u2026]<\/p>\n","protected":false},"excerpt":{"rendered":"<p>O presidente do Conselho Econ\u00f3mico e da Concerta\u00e7\u00e3o Social da Regi\u00e3o Aut\u00f3noma da Madeira, Ant\u00f3nio Abreu, participou, no passado dia &#8230; <\/p>\n<p class=\"read-more-container\"><a title=\"Concerta\u00e7\u00e3o Social discutida entre arquip\u00e9lagos e continente\" class=\"read-more button\" href=\"https:\/\/madeiraisland.news\/?p=1195013#more-1195013\" aria-label=\"Read more about Concerta\u00e7\u00e3o Social discutida entre arquip\u00e9lagos e continente\">Read more<\/a><\/p>\n","protected":false},"author":258,"featured_media":0,"comment_status":"open","ping_status":"","sticky":false,"template":"","format":"standard","meta":{"footnotes":""},"categories":[19],"tags":[],"class_list":["post-1195013","post","type-post","status-publish","format-standard","hentry","category-madeira-island-news","infinite-scroll-item","masonry-post","generate-columns","tablet-grid-50","mobile-grid-100","grid-parent","grid-33"],"_links":{"self":[{"href":"https:\/\/madeiraisland.news\/index.php?rest_route=\/wp\/v2\/posts\/1195013","targetHints":{"allow":["GET"]}}],"collection":[{"href":"https:\/\/madeiraisland.news\/index.php?rest_route=\/wp\/v2\/posts"}],"about":[{"href":"https:\/\/madeiraisland.news\/index.php?rest_route=\/wp\/v2\/types\/post"}],"author":[{"embeddable":true,"href":"https:\/\/madeiraisland.news\/index.php?rest_route=\/wp\/v2\/users\/258"}],"replies":[{"embeddable":true,"href":"https:\/\/madeiraisland.news\/index.php?rest_route=%2Fwp%2Fv2%2Fcomments&post=1195013"}],"version-history":[{"count":1,"href":"https:\/\/madeiraisland.news\/index.php?rest_route=\/wp\/v2\/posts\/1195013\/revisions"}],"predecessor-version":[{"id":1195014,"href":"https:\/\/madeiraisland.news\/index.php?rest_route=\/wp\/v2\/posts\/1195013\/revisions\/1195014"}],"wp:attachment":[{"href":"https:\/\/madeiraisland.news\/index.php?rest_route=%2Fwp%2Fv2%2Fmedia&parent=1195013"}],"wp:term":[{"taxonomy":"category","embeddable":true,"href":"https:\/\/madeiraisland.news\/index.php?rest_route=%2Fwp%2Fv2%2Fcategories&post=1195013"},{"taxonomy":"post_tag","embeddable":true,"href":"https:\/\/madeiraisland.news\/index.php?rest_route=%2Fwp%2Fv2%2Ftags&post=1195013"}],"curies":[{"name":"wp","href":"https:\/\/api.w.org\/{rel}","templated":true}]}}