{"id":1195011,"date":"2026-04-30T14:58:42","date_gmt":"2026-04-30T14:58:42","guid":{"rendered":"https:\/\/madeiraisland.news\/?p=1195011"},"modified":"2026-04-30T15:07:39","modified_gmt":"2026-04-30T15:07:39","slug":"the-roastery-inaugurou-a-area-de-restauracao-da-marina","status":"publish","type":"post","link":"https:\/\/madeiraisland.news\/?p=1195011","title":{"rendered":"\u201cThe Roastery\u201d inaugurou a \u00e1rea de restaura\u00e7\u00e3o da Marina"},"content":{"rendered":"<p>Rui Marote Um empres\u00e1rio jovem p\u00f4s em marcha em 45 dias, o primeiro caf\u00e9 na Marina do\u00a0 Funchal. Viveu em Londres durante 10 anos, onde trabalhou na \u00e1rea do caf\u00e9. Criou experi\u00eancia e lan\u00e7a agora na Madeira a sua marca de caf\u00e9 de uma fazenda brasileira. Fez o projecto do estabelecimento e o seu pai, [\u2026]<\/p>\n","protected":false},"excerpt":{"rendered":"<p>Rui Marote Um empres\u00e1rio jovem p\u00f4s em marcha em 45 dias, o primeiro caf\u00e9 na Marina do\u00a0 Funchal. Viveu em &#8230; <\/p>\n<p class=\"read-more-container\"><a title=\"\u201cThe Roastery\u201d inaugurou a \u00e1rea de restaura\u00e7\u00e3o da Marina\" class=\"read-more button\" href=\"https:\/\/madeiraisland.news\/?p=1195011#more-1195011\" aria-label=\"Read more about \u201cThe Roastery\u201d inaugurou a \u00e1rea de restaura\u00e7\u00e3o da Marina\">Read more<\/a><\/p>\n","protected":false},"author":260,"featured_media":0,"comment_status":"open","ping_status":"","sticky":false,"template":"","format":"standard","meta":{"footnotes":""},"categories":[19],"tags":[],"class_list":["post-1195011","post","type-post","status-publish","format-standard","hentry","category-madeira-island-news","infinite-scroll-item","masonry-post","generate-columns","tablet-grid-50","mobile-grid-100","grid-parent","grid-33"],"_links":{"self":[{"href":"https:\/\/madeiraisland.news\/index.php?rest_route=\/wp\/v2\/posts\/1195011","targetHints":{"allow":["GET"]}}],"collection":[{"href":"https:\/\/madeiraisland.news\/index.php?rest_route=\/wp\/v2\/posts"}],"about":[{"href":"https:\/\/madeiraisland.news\/index.php?rest_route=\/wp\/v2\/types\/post"}],"author":[{"embeddable":true,"href":"https:\/\/madeiraisland.news\/index.php?rest_route=\/wp\/v2\/users\/260"}],"replies":[{"embeddable":true,"href":"https:\/\/madeiraisland.news\/index.php?rest_route=%2Fwp%2Fv2%2Fcomments&post=1195011"}],"version-history":[{"count":1,"href":"https:\/\/madeiraisland.news\/index.php?rest_route=\/wp\/v2\/posts\/1195011\/revisions"}],"predecessor-version":[{"id":1195012,"href":"https:\/\/madeiraisland.news\/index.php?rest_route=\/wp\/v2\/posts\/1195011\/revisions\/1195012"}],"wp:attachment":[{"href":"https:\/\/madeiraisland.news\/index.php?rest_route=%2Fwp%2Fv2%2Fmedia&parent=1195011"}],"wp:term":[{"taxonomy":"category","embeddable":true,"href":"https:\/\/madeiraisland.news\/index.php?rest_route=%2Fwp%2Fv2%2Fcategories&post=1195011"},{"taxonomy":"post_tag","embeddable":true,"href":"https:\/\/madeiraisland.news\/index.php?rest_route=%2Fwp%2Fv2%2Ftags&post=1195011"}],"curies":[{"name":"wp","href":"https:\/\/api.w.org\/{rel}","templated":true}]}}