{"id":1195007,"date":"2026-04-30T15:05:50","date_gmt":"2026-04-30T15:05:50","guid":{"rendered":"https:\/\/madeiraisland.news\/?p=1195007"},"modified":"2026-04-30T15:07:39","modified_gmt":"2026-04-30T15:07:39","slug":"ugt-madeira-vai-assinalar-o-dia-do-trabalhador","status":"publish","type":"post","link":"https:\/\/madeiraisland.news\/?p=1195007","title":{"rendered":"UGT Madeira vai assinalar o Dia do Trabalhador"},"content":{"rendered":"<p>A UGT Madeira assinala o Dia do Trabalhador com as celebra\u00e7\u00f5es do\u00a01.\u00ba de Maio, que se realizar\u00e3o no Mercado dos Lavradores, na Pra\u00e7a do Peixe, no Funchal, reunindo sindicatos filiados, dirigentes, delegados sindicais e suas fam\u00edlias num almo\u00e7o-conv\u00edvio comemorativo e de fraternidade sindical onde se espera cerca de 3 centenas de pessoas. No \u00e2mbito do [\u2026]<\/p>\n","protected":false},"excerpt":{"rendered":"<p>A UGT Madeira assinala o Dia do Trabalhador com as celebra\u00e7\u00f5es do\u00a01.\u00ba de Maio, que se realizar\u00e3o no Mercado dos &#8230; <\/p>\n<p class=\"read-more-container\"><a title=\"UGT Madeira vai assinalar o Dia do Trabalhador\" class=\"read-more button\" href=\"https:\/\/madeiraisland.news\/?p=1195007#more-1195007\" aria-label=\"Read more about UGT Madeira vai assinalar o Dia do Trabalhador\">Read more<\/a><\/p>\n","protected":false},"author":258,"featured_media":0,"comment_status":"open","ping_status":"","sticky":false,"template":"","format":"standard","meta":{"footnotes":""},"categories":[19],"tags":[],"class_list":["post-1195007","post","type-post","status-publish","format-standard","hentry","category-madeira-island-news","infinite-scroll-item","masonry-post","generate-columns","tablet-grid-50","mobile-grid-100","grid-parent","grid-33"],"_links":{"self":[{"href":"https:\/\/madeiraisland.news\/index.php?rest_route=\/wp\/v2\/posts\/1195007","targetHints":{"allow":["GET"]}}],"collection":[{"href":"https:\/\/madeiraisland.news\/index.php?rest_route=\/wp\/v2\/posts"}],"about":[{"href":"https:\/\/madeiraisland.news\/index.php?rest_route=\/wp\/v2\/types\/post"}],"author":[{"embeddable":true,"href":"https:\/\/madeiraisland.news\/index.php?rest_route=\/wp\/v2\/users\/258"}],"replies":[{"embeddable":true,"href":"https:\/\/madeiraisland.news\/index.php?rest_route=%2Fwp%2Fv2%2Fcomments&post=1195007"}],"version-history":[{"count":1,"href":"https:\/\/madeiraisland.news\/index.php?rest_route=\/wp\/v2\/posts\/1195007\/revisions"}],"predecessor-version":[{"id":1195008,"href":"https:\/\/madeiraisland.news\/index.php?rest_route=\/wp\/v2\/posts\/1195007\/revisions\/1195008"}],"wp:attachment":[{"href":"https:\/\/madeiraisland.news\/index.php?rest_route=%2Fwp%2Fv2%2Fmedia&parent=1195007"}],"wp:term":[{"taxonomy":"category","embeddable":true,"href":"https:\/\/madeiraisland.news\/index.php?rest_route=%2Fwp%2Fv2%2Fcategories&post=1195007"},{"taxonomy":"post_tag","embeddable":true,"href":"https:\/\/madeiraisland.news\/index.php?rest_route=%2Fwp%2Fv2%2Ftags&post=1195007"}],"curies":[{"name":"wp","href":"https:\/\/api.w.org\/{rel}","templated":true}]}}