{"id":1195005,"date":"2026-04-30T14:31:05","date_gmt":"2026-04-30T14:31:05","guid":{"rendered":"https:\/\/madeiraisland.news\/?p=1195005"},"modified":"2026-04-30T14:40:54","modified_gmt":"2026-04-30T14:40:54","slug":"psd-assegura-poder-de-decisao-das-regioes-autonomas-no-sistema-nacional-de-qualificacoes","status":"publish","type":"post","link":"https:\/\/madeiraisland.news\/?p=1195005","title":{"rendered":"PSD assegura poder de decis\u00e3o das regi\u00f5es aut\u00f3nomas no Sistema Nacional de Qualifica\u00e7\u00f5es"},"content":{"rendered":"<p>A Assembleia da Rep\u00fablica aprovou a proposta de lei da Assembleia Legislativa da Madeira que prop\u00f5e o refor\u00e7o da participa\u00e7\u00e3o das Regi\u00f5es Aut\u00f3nomas da Madeira e dos A\u00e7ores nos \u00f3rg\u00e3os nacionais do sistema nacional de qualifica\u00e7\u00f5es, certifica\u00e7\u00e3o de entidades formadoras e reconhecimento de compet\u00eancias, refere uma nota de imprensa. A deputada eleita pelo PSD\/M \u00e0 [\u2026]<\/p>\n","protected":false},"excerpt":{"rendered":"<p>A Assembleia da Rep\u00fablica aprovou a proposta de lei da Assembleia Legislativa da Madeira que prop\u00f5e o refor\u00e7o da participa\u00e7\u00e3o &#8230; <\/p>\n<p class=\"read-more-container\"><a title=\"PSD assegura poder de decis\u00e3o das regi\u00f5es aut\u00f3nomas no Sistema Nacional de Qualifica\u00e7\u00f5es\" class=\"read-more button\" href=\"https:\/\/madeiraisland.news\/?p=1195005#more-1195005\" aria-label=\"Read more about PSD assegura poder de decis\u00e3o das regi\u00f5es aut\u00f3nomas no Sistema Nacional de Qualifica\u00e7\u00f5es\">Read more<\/a><\/p>\n","protected":false},"author":258,"featured_media":0,"comment_status":"open","ping_status":"","sticky":false,"template":"","format":"standard","meta":{"footnotes":""},"categories":[19],"tags":[],"class_list":["post-1195005","post","type-post","status-publish","format-standard","hentry","category-madeira-island-news","infinite-scroll-item","masonry-post","generate-columns","tablet-grid-50","mobile-grid-100","grid-parent","grid-33"],"_links":{"self":[{"href":"https:\/\/madeiraisland.news\/index.php?rest_route=\/wp\/v2\/posts\/1195005","targetHints":{"allow":["GET"]}}],"collection":[{"href":"https:\/\/madeiraisland.news\/index.php?rest_route=\/wp\/v2\/posts"}],"about":[{"href":"https:\/\/madeiraisland.news\/index.php?rest_route=\/wp\/v2\/types\/post"}],"author":[{"embeddable":true,"href":"https:\/\/madeiraisland.news\/index.php?rest_route=\/wp\/v2\/users\/258"}],"replies":[{"embeddable":true,"href":"https:\/\/madeiraisland.news\/index.php?rest_route=%2Fwp%2Fv2%2Fcomments&post=1195005"}],"version-history":[{"count":1,"href":"https:\/\/madeiraisland.news\/index.php?rest_route=\/wp\/v2\/posts\/1195005\/revisions"}],"predecessor-version":[{"id":1195006,"href":"https:\/\/madeiraisland.news\/index.php?rest_route=\/wp\/v2\/posts\/1195005\/revisions\/1195006"}],"wp:attachment":[{"href":"https:\/\/madeiraisland.news\/index.php?rest_route=%2Fwp%2Fv2%2Fmedia&parent=1195005"}],"wp:term":[{"taxonomy":"category","embeddable":true,"href":"https:\/\/madeiraisland.news\/index.php?rest_route=%2Fwp%2Fv2%2Fcategories&post=1195005"},{"taxonomy":"post_tag","embeddable":true,"href":"https:\/\/madeiraisland.news\/index.php?rest_route=%2Fwp%2Fv2%2Ftags&post=1195005"}],"curies":[{"name":"wp","href":"https:\/\/api.w.org\/{rel}","templated":true}]}}