{"id":1195001,"date":"2026-04-30T14:21:15","date_gmt":"2026-04-30T14:21:15","guid":{"rendered":"https:\/\/madeiraisland.news\/?p=1195001"},"modified":"2026-04-30T14:30:09","modified_gmt":"2026-04-30T14:30:09","slug":"ps-m-diz-que-pacote-laboral-promove-a-precariedade-e-questiona-pelo-subsidio-de-insularidade","status":"publish","type":"post","link":"https:\/\/madeiraisland.news\/?p=1195001","title":{"rendered":"PS-M diz que pacote laboral promove a precariedade e questiona pelo subs\u00eddio de insularidade"},"content":{"rendered":"<p>A presidente do PS-M criticou as altera\u00e7\u00f5es \u00e0 lei laboral que est\u00e3o a ser preparadas pelo Governo da Rep\u00fablica, dizendo que as mesmas favorecem a precariedade e s\u00e3o um verdadeiro risco de retrocesso em direitos consagrados. Na v\u00e9spera do Dia do Trabalhador, C\u00e9lia Pessegueiro enalteceu a resili\u00eancia dos trabalhadores madeirenses, que \u201ctiveram sempre de \u2018partir [\u2026]<\/p>\n","protected":false},"excerpt":{"rendered":"<p>A presidente do PS-M criticou as altera\u00e7\u00f5es \u00e0 lei laboral que est\u00e3o a ser preparadas pelo Governo da Rep\u00fablica, dizendo &#8230; <\/p>\n<p class=\"read-more-container\"><a title=\"PS-M diz que pacote laboral promove a precariedade e questiona pelo subs\u00eddio de insularidade\" class=\"read-more button\" href=\"https:\/\/madeiraisland.news\/?p=1195001#more-1195001\" aria-label=\"Read more about PS-M diz que pacote laboral promove a precariedade e questiona pelo subs\u00eddio de insularidade\">Read more<\/a><\/p>\n","protected":false},"author":258,"featured_media":0,"comment_status":"open","ping_status":"","sticky":false,"template":"","format":"standard","meta":{"footnotes":""},"categories":[19],"tags":[],"class_list":["post-1195001","post","type-post","status-publish","format-standard","hentry","category-madeira-island-news","infinite-scroll-item","masonry-post","generate-columns","tablet-grid-50","mobile-grid-100","grid-parent","grid-33"],"_links":{"self":[{"href":"https:\/\/madeiraisland.news\/index.php?rest_route=\/wp\/v2\/posts\/1195001","targetHints":{"allow":["GET"]}}],"collection":[{"href":"https:\/\/madeiraisland.news\/index.php?rest_route=\/wp\/v2\/posts"}],"about":[{"href":"https:\/\/madeiraisland.news\/index.php?rest_route=\/wp\/v2\/types\/post"}],"author":[{"embeddable":true,"href":"https:\/\/madeiraisland.news\/index.php?rest_route=\/wp\/v2\/users\/258"}],"replies":[{"embeddable":true,"href":"https:\/\/madeiraisland.news\/index.php?rest_route=%2Fwp%2Fv2%2Fcomments&post=1195001"}],"version-history":[{"count":1,"href":"https:\/\/madeiraisland.news\/index.php?rest_route=\/wp\/v2\/posts\/1195001\/revisions"}],"predecessor-version":[{"id":1195002,"href":"https:\/\/madeiraisland.news\/index.php?rest_route=\/wp\/v2\/posts\/1195001\/revisions\/1195002"}],"wp:attachment":[{"href":"https:\/\/madeiraisland.news\/index.php?rest_route=%2Fwp%2Fv2%2Fmedia&parent=1195001"}],"wp:term":[{"taxonomy":"category","embeddable":true,"href":"https:\/\/madeiraisland.news\/index.php?rest_route=%2Fwp%2Fv2%2Fcategories&post=1195001"},{"taxonomy":"post_tag","embeddable":true,"href":"https:\/\/madeiraisland.news\/index.php?rest_route=%2Fwp%2Fv2%2Ftags&post=1195001"}],"curies":[{"name":"wp","href":"https:\/\/api.w.org\/{rel}","templated":true}]}}