{"id":1194999,"date":"2026-04-30T14:26:32","date_gmt":"2026-04-30T14:26:32","guid":{"rendered":"https:\/\/madeiraisland.news\/?p=1194999"},"modified":"2026-04-30T14:30:09","modified_gmt":"2026-04-30T14:30:09","slug":"rota-dos-cetaceos-abriu-escritorio-na-marina-do-funchal","status":"publish","type":"post","link":"https:\/\/madeiraisland.news\/?p=1194999","title":{"rendered":"Rota dos Cet\u00e1ceos abriu escrit\u00f3rio na Marina do Funchal"},"content":{"rendered":"<p>Rui Marote A empresa \u201cRota dos Cet\u00e1ceos\u201d mudou-se de armas e bagagens para a Marina do Funchal. Com uma decora\u00e7\u00e3o inovadora\u00a0 e espa\u00e7o amplo (ver fotos) o novo escrit\u00f3rio tem uma situa\u00e7\u00e3o priviligiada em frente ao \u201changar\u201d\u00a0 \u00a0de partidas e chegadas das embarca\u00e7\u00f5es. Aos poucos, a \u00e1rea comercial come\u00e7a a tomar forma.<\/p>\n","protected":false},"excerpt":{"rendered":"<p>Rui Marote A empresa \u201cRota dos Cet\u00e1ceos\u201d mudou-se de armas e bagagens para a Marina do Funchal. Com uma decora\u00e7\u00e3o &#8230; <\/p>\n<p class=\"read-more-container\"><a title=\"Rota dos Cet\u00e1ceos abriu escrit\u00f3rio na Marina do Funchal\" class=\"read-more button\" href=\"https:\/\/madeiraisland.news\/?p=1194999#more-1194999\" aria-label=\"Read more about Rota dos Cet\u00e1ceos abriu escrit\u00f3rio na Marina do Funchal\">Read more<\/a><\/p>\n","protected":false},"author":258,"featured_media":0,"comment_status":"open","ping_status":"","sticky":false,"template":"","format":"standard","meta":{"footnotes":""},"categories":[19],"tags":[],"class_list":["post-1194999","post","type-post","status-publish","format-standard","hentry","category-madeira-island-news","infinite-scroll-item","masonry-post","generate-columns","tablet-grid-50","mobile-grid-100","grid-parent","grid-33"],"_links":{"self":[{"href":"https:\/\/madeiraisland.news\/index.php?rest_route=\/wp\/v2\/posts\/1194999","targetHints":{"allow":["GET"]}}],"collection":[{"href":"https:\/\/madeiraisland.news\/index.php?rest_route=\/wp\/v2\/posts"}],"about":[{"href":"https:\/\/madeiraisland.news\/index.php?rest_route=\/wp\/v2\/types\/post"}],"author":[{"embeddable":true,"href":"https:\/\/madeiraisland.news\/index.php?rest_route=\/wp\/v2\/users\/258"}],"replies":[{"embeddable":true,"href":"https:\/\/madeiraisland.news\/index.php?rest_route=%2Fwp%2Fv2%2Fcomments&post=1194999"}],"version-history":[{"count":1,"href":"https:\/\/madeiraisland.news\/index.php?rest_route=\/wp\/v2\/posts\/1194999\/revisions"}],"predecessor-version":[{"id":1195000,"href":"https:\/\/madeiraisland.news\/index.php?rest_route=\/wp\/v2\/posts\/1194999\/revisions\/1195000"}],"wp:attachment":[{"href":"https:\/\/madeiraisland.news\/index.php?rest_route=%2Fwp%2Fv2%2Fmedia&parent=1194999"}],"wp:term":[{"taxonomy":"category","embeddable":true,"href":"https:\/\/madeiraisland.news\/index.php?rest_route=%2Fwp%2Fv2%2Fcategories&post=1194999"},{"taxonomy":"post_tag","embeddable":true,"href":"https:\/\/madeiraisland.news\/index.php?rest_route=%2Fwp%2Fv2%2Ftags&post=1194999"}],"curies":[{"name":"wp","href":"https:\/\/api.w.org\/{rel}","templated":true}]}}