{"id":1194997,"date":"2026-04-30T14:27:49","date_gmt":"2026-04-30T14:27:49","guid":{"rendered":"https:\/\/madeiraisland.news\/?p=1194997"},"modified":"2026-04-30T14:30:08","modified_gmt":"2026-04-30T14:30:08","slug":"crianca-em-coma-apos-ingerir-gomas-com-substancia-estupefaciente","status":"publish","type":"post","link":"https:\/\/madeiraisland.news\/?p=1194997","title":{"rendered":"Crian\u00e7a em coma ap\u00f3s ingerir gomas com subst\u00e2ncia estupefaciente"},"content":{"rendered":"<p>Uma crian\u00e7a de 9 anos esteve tr\u00eas dias em coma ap\u00f3s ingerir gomas alegadamente<br \/>\ncom subst\u00e2ncias estupefacientes, tendo dado entrada no Hospital Dr. N\u00e9lio<br \/>\nMendon\u00e7a, no Funchal, com sintomas severos, segundo informa\u00e7\u00e3o divulgada pela<br \/>\nTVI e CNN Portugal.<br \/>\nDe acordo com a mesma fonte, as autoridades<br \/>\napuraram que as gomas ter\u00e3o sido retiradas de um alojamento local por uma<br \/>\nfuncion\u00e1ria de limpeza, sem conhecimento da subst\u00e2ncia que continham, ap\u00f3s<br \/>\nterem sido alegadamente deixadas por um turista, sendo q<\/p>\n","protected":false},"excerpt":{"rendered":"<p>Uma crian\u00e7a de 9 anos esteve tr\u00eas dias em coma ap\u00f3s ingerir gomas alegadamente com subst\u00e2ncias estupefacientes, tendo dado entrada &#8230; <\/p>\n<p class=\"read-more-container\"><a title=\"Crian\u00e7a em coma ap\u00f3s ingerir gomas com subst\u00e2ncia estupefaciente\" class=\"read-more button\" href=\"https:\/\/madeiraisland.news\/?p=1194997#more-1194997\" aria-label=\"Read more about Crian\u00e7a em coma ap\u00f3s ingerir gomas com subst\u00e2ncia estupefaciente\">Read more<\/a><\/p>\n","protected":false},"author":11,"featured_media":0,"comment_status":"open","ping_status":"","sticky":false,"template":"","format":"standard","meta":{"footnotes":""},"categories":[19],"tags":[],"class_list":["post-1194997","post","type-post","status-publish","format-standard","hentry","category-madeira-island-news","infinite-scroll-item","masonry-post","generate-columns","tablet-grid-50","mobile-grid-100","grid-parent","grid-33"],"_links":{"self":[{"href":"https:\/\/madeiraisland.news\/index.php?rest_route=\/wp\/v2\/posts\/1194997","targetHints":{"allow":["GET"]}}],"collection":[{"href":"https:\/\/madeiraisland.news\/index.php?rest_route=\/wp\/v2\/posts"}],"about":[{"href":"https:\/\/madeiraisland.news\/index.php?rest_route=\/wp\/v2\/types\/post"}],"author":[{"embeddable":true,"href":"https:\/\/madeiraisland.news\/index.php?rest_route=\/wp\/v2\/users\/11"}],"replies":[{"embeddable":true,"href":"https:\/\/madeiraisland.news\/index.php?rest_route=%2Fwp%2Fv2%2Fcomments&post=1194997"}],"version-history":[{"count":1,"href":"https:\/\/madeiraisland.news\/index.php?rest_route=\/wp\/v2\/posts\/1194997\/revisions"}],"predecessor-version":[{"id":1194998,"href":"https:\/\/madeiraisland.news\/index.php?rest_route=\/wp\/v2\/posts\/1194997\/revisions\/1194998"}],"wp:attachment":[{"href":"https:\/\/madeiraisland.news\/index.php?rest_route=%2Fwp%2Fv2%2Fmedia&parent=1194997"}],"wp:term":[{"taxonomy":"category","embeddable":true,"href":"https:\/\/madeiraisland.news\/index.php?rest_route=%2Fwp%2Fv2%2Fcategories&post=1194997"},{"taxonomy":"post_tag","embeddable":true,"href":"https:\/\/madeiraisland.news\/index.php?rest_route=%2Fwp%2Fv2%2Ftags&post=1194997"}],"curies":[{"name":"wp","href":"https:\/\/api.w.org\/{rel}","templated":true}]}}