{"id":1194995,"date":"2026-04-30T13:21:44","date_gmt":"2026-04-30T13:21:44","guid":{"rendered":"https:\/\/madeiraisland.news\/?p=1194995"},"modified":"2026-04-30T13:57:50","modified_gmt":"2026-04-30T13:57:50","slug":"suspeito-fica-em-internamento-preventivo","status":"publish","type":"post","link":"https:\/\/madeiraisland.news\/?p=1194995","title":{"rendered":"Suspeito fica em internamento preventivo"},"content":{"rendered":"<p>O suspeito do homic\u00eddio ocorrido na Matur ficou sujeito a internamento<br \/>\npreventivo, medida que substitui a pris\u00e3o preventiva inicialmente aplicada,<br \/>\ntendo em conta o seu quadro mental, confirmou fonte judicial.<br \/>\nO homem, de 36 anos, foi presente esta manh\u00e3 ao<br \/>\njuiz de instru\u00e7\u00e3o criminal no Tribunal da Comarca da Madeira, tendo sa\u00eddo ao<br \/>\nin\u00edcio da tarde j\u00e1 com a medida de coac\u00e7\u00e3o definida.<br \/>\nPor n\u00e3o existirem, na Regi\u00e3o, condi\u00e7\u00f5es<br \/>\nadequadas para este tipo de enquadramento, o arguido ser\u00e1, para j\u00e1, encam<\/p>\n","protected":false},"excerpt":{"rendered":"<p>O suspeito do homic\u00eddio ocorrido na Matur ficou sujeito a internamento preventivo, medida que substitui a pris\u00e3o preventiva inicialmente aplicada, &#8230; <\/p>\n<p class=\"read-more-container\"><a title=\"Suspeito fica em internamento preventivo\" class=\"read-more button\" href=\"https:\/\/madeiraisland.news\/?p=1194995#more-1194995\" aria-label=\"Read more about Suspeito fica em internamento preventivo\">Read more<\/a><\/p>\n","protected":false},"author":11,"featured_media":0,"comment_status":"open","ping_status":"","sticky":false,"template":"","format":"standard","meta":{"footnotes":""},"categories":[19],"tags":[],"class_list":["post-1194995","post","type-post","status-publish","format-standard","hentry","category-madeira-island-news","infinite-scroll-item","masonry-post","generate-columns","tablet-grid-50","mobile-grid-100","grid-parent","grid-33"],"_links":{"self":[{"href":"https:\/\/madeiraisland.news\/index.php?rest_route=\/wp\/v2\/posts\/1194995","targetHints":{"allow":["GET"]}}],"collection":[{"href":"https:\/\/madeiraisland.news\/index.php?rest_route=\/wp\/v2\/posts"}],"about":[{"href":"https:\/\/madeiraisland.news\/index.php?rest_route=\/wp\/v2\/types\/post"}],"author":[{"embeddable":true,"href":"https:\/\/madeiraisland.news\/index.php?rest_route=\/wp\/v2\/users\/11"}],"replies":[{"embeddable":true,"href":"https:\/\/madeiraisland.news\/index.php?rest_route=%2Fwp%2Fv2%2Fcomments&post=1194995"}],"version-history":[{"count":1,"href":"https:\/\/madeiraisland.news\/index.php?rest_route=\/wp\/v2\/posts\/1194995\/revisions"}],"predecessor-version":[{"id":1194996,"href":"https:\/\/madeiraisland.news\/index.php?rest_route=\/wp\/v2\/posts\/1194995\/revisions\/1194996"}],"wp:attachment":[{"href":"https:\/\/madeiraisland.news\/index.php?rest_route=%2Fwp%2Fv2%2Fmedia&parent=1194995"}],"wp:term":[{"taxonomy":"category","embeddable":true,"href":"https:\/\/madeiraisland.news\/index.php?rest_route=%2Fwp%2Fv2%2Fcategories&post=1194995"},{"taxonomy":"post_tag","embeddable":true,"href":"https:\/\/madeiraisland.news\/index.php?rest_route=%2Fwp%2Fv2%2Ftags&post=1194995"}],"curies":[{"name":"wp","href":"https:\/\/api.w.org\/{rel}","templated":true}]}}