{"id":1194993,"date":"2026-04-30T13:28:18","date_gmt":"2026-04-30T13:28:18","guid":{"rendered":"https:\/\/madeiraisland.news\/?p=1194993"},"modified":"2026-04-30T13:34:07","modified_gmt":"2026-04-30T13:34:07","slug":"pedro-almeida-elucida-alunos-sobre-a-fisica-e-a-tecnologia","status":"publish","type":"post","link":"https:\/\/madeiraisland.news\/?p=1194993","title":{"rendered":"Pedro Almeida elucida alunos sobre a F\u00edsica e a Tecnologia"},"content":{"rendered":"<p>No passado dia\u00a028 de abril, a\u00a0Escola Secund\u00e1ria Jaime Moniz recebeu o seu antigo aluno, agora professor e investigador da\u00a0Universidade da Madeira,\u00a0Pedro Almeida, para uma confer\u00eancia dedicada ao tema A\u00a0F\u00edsica e Tecnologia: Da Ci\u00eancia Fundamental \u00c0s Aplica\u00e7\u00f5es, dirigida especificamente a alunos dos\u00a010.\u00ba aos 12.\u00ba anos do Curso das Ci\u00eancias e Tecnologias. O orador\u00a0Pedro Almeida, Professor Associado [\u2026]<\/p>\n","protected":false},"excerpt":{"rendered":"<p>No passado dia\u00a028 de abril, a\u00a0Escola Secund\u00e1ria Jaime Moniz recebeu o seu antigo aluno, agora professor e investigador da\u00a0Universidade da &#8230; <\/p>\n<p class=\"read-more-container\"><a title=\"Pedro Almeida elucida alunos sobre a F\u00edsica e a Tecnologia\" class=\"read-more button\" href=\"https:\/\/madeiraisland.news\/?p=1194993#more-1194993\" aria-label=\"Read more about Pedro Almeida elucida alunos sobre a F\u00edsica e a Tecnologia\">Read more<\/a><\/p>\n","protected":false},"author":282,"featured_media":0,"comment_status":"open","ping_status":"","sticky":false,"template":"","format":"standard","meta":{"footnotes":""},"categories":[19],"tags":[],"class_list":["post-1194993","post","type-post","status-publish","format-standard","hentry","category-madeira-island-news","infinite-scroll-item","masonry-post","generate-columns","tablet-grid-50","mobile-grid-100","grid-parent","grid-33"],"_links":{"self":[{"href":"https:\/\/madeiraisland.news\/index.php?rest_route=\/wp\/v2\/posts\/1194993","targetHints":{"allow":["GET"]}}],"collection":[{"href":"https:\/\/madeiraisland.news\/index.php?rest_route=\/wp\/v2\/posts"}],"about":[{"href":"https:\/\/madeiraisland.news\/index.php?rest_route=\/wp\/v2\/types\/post"}],"author":[{"embeddable":true,"href":"https:\/\/madeiraisland.news\/index.php?rest_route=\/wp\/v2\/users\/282"}],"replies":[{"embeddable":true,"href":"https:\/\/madeiraisland.news\/index.php?rest_route=%2Fwp%2Fv2%2Fcomments&post=1194993"}],"version-history":[{"count":1,"href":"https:\/\/madeiraisland.news\/index.php?rest_route=\/wp\/v2\/posts\/1194993\/revisions"}],"predecessor-version":[{"id":1194994,"href":"https:\/\/madeiraisland.news\/index.php?rest_route=\/wp\/v2\/posts\/1194993\/revisions\/1194994"}],"wp:attachment":[{"href":"https:\/\/madeiraisland.news\/index.php?rest_route=%2Fwp%2Fv2%2Fmedia&parent=1194993"}],"wp:term":[{"taxonomy":"category","embeddable":true,"href":"https:\/\/madeiraisland.news\/index.php?rest_route=%2Fwp%2Fv2%2Fcategories&post=1194993"},{"taxonomy":"post_tag","embeddable":true,"href":"https:\/\/madeiraisland.news\/index.php?rest_route=%2Fwp%2Fv2%2Ftags&post=1194993"}],"curies":[{"name":"wp","href":"https:\/\/api.w.org\/{rel}","templated":true}]}}