{"id":1194991,"date":"2026-04-30T13:30:20","date_gmt":"2026-04-30T13:30:20","guid":{"rendered":"https:\/\/madeiraisland.news\/?p=1194991"},"modified":"2026-04-30T13:34:07","modified_gmt":"2026-04-30T13:34:07","slug":"dois-helicopteros-no-srpc-devido-a-substituicao-de-rotina","status":"publish","type":"post","link":"https:\/\/madeiraisland.news\/?p=1194991","title":{"rendered":"Dois helic\u00f3pteros no SRPC devido a substitui\u00e7\u00e3o de rotina"},"content":{"rendered":"<p>A presen\u00e7a de dois helic\u00f3pteros na base do Servi\u00e7o Regional de Protec\u00e7\u00e3o<br \/>\nCivil (SRPC), na Cancela, Funchal, deve-se a uma substitui\u00e7\u00e3o de rotina do meio<br \/>\na\u00e9reo actualmente em opera\u00e7\u00e3o.<br \/>\nAo DI\u00c1RIO, fonte oficial esclareceu que a<br \/>\naeronave em servi\u00e7o ser\u00e1 trocada, \u00e0 semelhan\u00e7a do que j\u00e1 aconteceu no passado,<br \/>\nn\u00e3o estando em causa a chegada de um novo meio para refor\u00e7o permanente da<br \/>\ncapacidade operacional da Regi\u00e3o.<br \/>\nA nova<br \/>\naeronave chegou \u00e0 Madeira por via mar\u00edtima no in\u00edcio da semana, integrando este<\/p>\n","protected":false},"excerpt":{"rendered":"<p>A presen\u00e7a de dois helic\u00f3pteros na base do Servi\u00e7o Regional de Protec\u00e7\u00e3o Civil (SRPC), na Cancela, Funchal, deve-se a uma &#8230; <\/p>\n<p class=\"read-more-container\"><a title=\"Dois helic\u00f3pteros no SRPC devido a substitui\u00e7\u00e3o de rotina\" class=\"read-more button\" href=\"https:\/\/madeiraisland.news\/?p=1194991#more-1194991\" aria-label=\"Read more about Dois helic\u00f3pteros no SRPC devido a substitui\u00e7\u00e3o de rotina\">Read more<\/a><\/p>\n","protected":false},"author":11,"featured_media":0,"comment_status":"open","ping_status":"","sticky":false,"template":"","format":"standard","meta":{"footnotes":""},"categories":[19],"tags":[],"class_list":["post-1194991","post","type-post","status-publish","format-standard","hentry","category-madeira-island-news","infinite-scroll-item","masonry-post","generate-columns","tablet-grid-50","mobile-grid-100","grid-parent","grid-33"],"_links":{"self":[{"href":"https:\/\/madeiraisland.news\/index.php?rest_route=\/wp\/v2\/posts\/1194991","targetHints":{"allow":["GET"]}}],"collection":[{"href":"https:\/\/madeiraisland.news\/index.php?rest_route=\/wp\/v2\/posts"}],"about":[{"href":"https:\/\/madeiraisland.news\/index.php?rest_route=\/wp\/v2\/types\/post"}],"author":[{"embeddable":true,"href":"https:\/\/madeiraisland.news\/index.php?rest_route=\/wp\/v2\/users\/11"}],"replies":[{"embeddable":true,"href":"https:\/\/madeiraisland.news\/index.php?rest_route=%2Fwp%2Fv2%2Fcomments&post=1194991"}],"version-history":[{"count":1,"href":"https:\/\/madeiraisland.news\/index.php?rest_route=\/wp\/v2\/posts\/1194991\/revisions"}],"predecessor-version":[{"id":1194992,"href":"https:\/\/madeiraisland.news\/index.php?rest_route=\/wp\/v2\/posts\/1194991\/revisions\/1194992"}],"wp:attachment":[{"href":"https:\/\/madeiraisland.news\/index.php?rest_route=%2Fwp%2Fv2%2Fmedia&parent=1194991"}],"wp:term":[{"taxonomy":"category","embeddable":true,"href":"https:\/\/madeiraisland.news\/index.php?rest_route=%2Fwp%2Fv2%2Fcategories&post=1194991"},{"taxonomy":"post_tag","embeddable":true,"href":"https:\/\/madeiraisland.news\/index.php?rest_route=%2Fwp%2Fv2%2Ftags&post=1194991"}],"curies":[{"name":"wp","href":"https:\/\/api.w.org\/{rel}","templated":true}]}}