{"id":1194988,"date":"2026-04-30T12:55:10","date_gmt":"2026-04-30T12:55:10","guid":{"rendered":"https:\/\/madeiraisland.news\/?p=1194988"},"modified":"2026-04-30T13:04:41","modified_gmt":"2026-04-30T13:04:41","slug":"portugal-tem-438-praias-marinas-e-embarcacoes-com-bandeira-azul-este-ano","status":"publish","type":"post","link":"https:\/\/madeiraisland.news\/?p=1194988","title":{"rendered":"Portugal tem 438 praias, marinas e embarca\u00e7\u00f5es com Bandeira Azul este ano"},"content":{"rendered":"<p>Portugal conta este ano com 438 praias, marinas e embarca\u00e7\u00f5es com Bandeira Azul, menos seis que em 2025, distribu\u00eddas por 100 concelhos, destacando-se o munic\u00edpio da Sert\u00e3, que se candidatou pela primeira vez, anunciou hoje a Associa\u00e7\u00e3o Bandeira Azul.<br \/>\nO an\u00fancio foi feito no Centro de Interpreta\u00e7\u00e3o Ambiental da Pedra do Sal, no Estoril, concelho de Cascais, distrito de Lisboa, pelo presidente da Associa\u00e7\u00e3o Bandeira Azul da Europa, Jos\u00e9 Archer, que adiantou que na pr\u00f3xima \u00e9poca balnear v\u00e3o hastear<\/p>\n","protected":false},"excerpt":{"rendered":"<p>Portugal conta este ano com 438 praias, marinas e embarca\u00e7\u00f5es com Bandeira Azul, menos seis que em 2025, distribu\u00eddas por 100 concelhos, destacando-se o munic\u00edpio da Sert\u00e3, que se candidatou pela primeira vez, anunciou hoje<\/p>\n","protected":false},"author":5,"featured_media":0,"comment_status":"open","ping_status":"","sticky":false,"template":"","format":"standard","meta":{"footnotes":""},"categories":[19],"tags":[],"class_list":["post-1194988","post","type-post","status-publish","format-standard","hentry","category-madeira-island-news","infinite-scroll-item","masonry-post","generate-columns","tablet-grid-50","mobile-grid-100","grid-parent","grid-33"],"_links":{"self":[{"href":"https:\/\/madeiraisland.news\/index.php?rest_route=\/wp\/v2\/posts\/1194988","targetHints":{"allow":["GET"]}}],"collection":[{"href":"https:\/\/madeiraisland.news\/index.php?rest_route=\/wp\/v2\/posts"}],"about":[{"href":"https:\/\/madeiraisland.news\/index.php?rest_route=\/wp\/v2\/types\/post"}],"author":[{"embeddable":true,"href":"https:\/\/madeiraisland.news\/index.php?rest_route=\/wp\/v2\/users\/5"}],"replies":[{"embeddable":true,"href":"https:\/\/madeiraisland.news\/index.php?rest_route=%2Fwp%2Fv2%2Fcomments&post=1194988"}],"version-history":[{"count":2,"href":"https:\/\/madeiraisland.news\/index.php?rest_route=\/wp\/v2\/posts\/1194988\/revisions"}],"predecessor-version":[{"id":1194990,"href":"https:\/\/madeiraisland.news\/index.php?rest_route=\/wp\/v2\/posts\/1194988\/revisions\/1194990"}],"wp:attachment":[{"href":"https:\/\/madeiraisland.news\/index.php?rest_route=%2Fwp%2Fv2%2Fmedia&parent=1194988"}],"wp:term":[{"taxonomy":"category","embeddable":true,"href":"https:\/\/madeiraisland.news\/index.php?rest_route=%2Fwp%2Fv2%2Fcategories&post=1194988"},{"taxonomy":"post_tag","embeddable":true,"href":"https:\/\/madeiraisland.news\/index.php?rest_route=%2Fwp%2Fv2%2Ftags&post=1194988"}],"curies":[{"name":"wp","href":"https:\/\/api.w.org\/{rel}","templated":true}]}}