{"id":1194981,"date":"2026-04-30T12:04:36","date_gmt":"2026-04-30T12:04:36","guid":{"rendered":"https:\/\/madeiraisland.news\/?p=1194981"},"modified":"2026-04-30T12:16:30","modified_gmt":"2026-04-30T12:16:30","slug":"motociclista-ferido-em-acidente-nos-viveiros","status":"publish","type":"post","link":"https:\/\/madeiraisland.news\/?p=1194981","title":{"rendered":"Motociclista ferido em acidente nos Viveiros"},"content":{"rendered":"<p>Um motociclista ficou ferido na sequ\u00eancia de um acidente ocorrido ao in\u00edcio<br \/>\nda tarde, no ramal de sa\u00edda da via r\u00e1pida nos Viveiros, no Funchal, sentido<br \/>\nRibeira Brava\u2013Machico, junto ao cruzamento com a Estrada da Fundoa.<br \/>\nSegundo relato de uma testemunha, no local<br \/>\nestavam dois ve\u00edculos ligeiros, entre os quais se encontrava a mota, tendo o condutor<br \/>\nsido encontrado sentado no ch\u00e3o ap\u00f3s a colis\u00e3o.<br \/>\nA<br \/>\nv\u00edtima foi assistida no local e posteriormente socorrida pela Cruz Vermelha<br \/>\nPortuguesa.<\/p>\n","protected":false},"excerpt":{"rendered":"<p>Um motociclista ficou ferido na sequ\u00eancia de um acidente ocorrido ao in\u00edcio da tarde, no ramal de sa\u00edda da via &#8230; <\/p>\n<p class=\"read-more-container\"><a title=\"Motociclista ferido em acidente nos Viveiros\" class=\"read-more button\" href=\"https:\/\/madeiraisland.news\/?p=1194981#more-1194981\" aria-label=\"Read more about Motociclista ferido em acidente nos Viveiros\">Read more<\/a><\/p>\n","protected":false},"author":11,"featured_media":0,"comment_status":"open","ping_status":"","sticky":false,"template":"","format":"standard","meta":{"footnotes":""},"categories":[19],"tags":[],"class_list":["post-1194981","post","type-post","status-publish","format-standard","hentry","category-madeira-island-news","infinite-scroll-item","masonry-post","generate-columns","tablet-grid-50","mobile-grid-100","grid-parent","grid-33"],"_links":{"self":[{"href":"https:\/\/madeiraisland.news\/index.php?rest_route=\/wp\/v2\/posts\/1194981","targetHints":{"allow":["GET"]}}],"collection":[{"href":"https:\/\/madeiraisland.news\/index.php?rest_route=\/wp\/v2\/posts"}],"about":[{"href":"https:\/\/madeiraisland.news\/index.php?rest_route=\/wp\/v2\/types\/post"}],"author":[{"embeddable":true,"href":"https:\/\/madeiraisland.news\/index.php?rest_route=\/wp\/v2\/users\/11"}],"replies":[{"embeddable":true,"href":"https:\/\/madeiraisland.news\/index.php?rest_route=%2Fwp%2Fv2%2Fcomments&post=1194981"}],"version-history":[{"count":1,"href":"https:\/\/madeiraisland.news\/index.php?rest_route=\/wp\/v2\/posts\/1194981\/revisions"}],"predecessor-version":[{"id":1194982,"href":"https:\/\/madeiraisland.news\/index.php?rest_route=\/wp\/v2\/posts\/1194981\/revisions\/1194982"}],"wp:attachment":[{"href":"https:\/\/madeiraisland.news\/index.php?rest_route=%2Fwp%2Fv2%2Fmedia&parent=1194981"}],"wp:term":[{"taxonomy":"category","embeddable":true,"href":"https:\/\/madeiraisland.news\/index.php?rest_route=%2Fwp%2Fv2%2Fcategories&post=1194981"},{"taxonomy":"post_tag","embeddable":true,"href":"https:\/\/madeiraisland.news\/index.php?rest_route=%2Fwp%2Fv2%2Ftags&post=1194981"}],"curies":[{"name":"wp","href":"https:\/\/api.w.org\/{rel}","templated":true}]}}