{"id":1194977,"date":"2026-04-30T11:54:58","date_gmt":"2026-04-30T11:54:58","guid":{"rendered":"https:\/\/madeiraisland.news\/?p=1194977"},"modified":"2026-04-30T12:03:00","modified_gmt":"2026-04-30T12:03:00","slug":"viatura-arde-em-santo-antonio","status":"publish","type":"post","link":"https:\/\/madeiraisland.news\/?p=1194977","title":{"rendered":"Viatura arde em Santo Ant\u00f3nio"},"content":{"rendered":"<p>Uma viatura ligeira foi totalmente consumida pelo fogo esta quinta-feira, na Avenida da Madalena, em Santo Ant\u00f3nio, no Funchal.<br \/>\nO alerta foi dado pelas 12h11, tendo sido mobilizados os Bombeiros Sapadores do Funchal, com uma viatura pesada e seis elementos no local.<br \/>\n\u00c0 chegada dos meios de socorro, o ve\u00edculo encontrava-se j\u00e1 em combust\u00e3o generalizada, acabando por ficar completamente destru\u00eddo pelas chamas.<\/p>\n","protected":false},"excerpt":{"rendered":"<p>Uma viatura ligeira foi totalmente consumida pelo fogo esta quinta-feira, na Avenida da Madalena, em Santo Ant\u00f3nio, no Funchal. O &#8230; <\/p>\n<p class=\"read-more-container\"><a title=\"Viatura arde em Santo Ant\u00f3nio\" class=\"read-more button\" href=\"https:\/\/madeiraisland.news\/?p=1194977#more-1194977\" aria-label=\"Read more about Viatura arde em Santo Ant\u00f3nio\">Read more<\/a><\/p>\n","protected":false},"author":11,"featured_media":0,"comment_status":"open","ping_status":"","sticky":false,"template":"","format":"standard","meta":{"footnotes":""},"categories":[19],"tags":[],"class_list":["post-1194977","post","type-post","status-publish","format-standard","hentry","category-madeira-island-news","infinite-scroll-item","masonry-post","generate-columns","tablet-grid-50","mobile-grid-100","grid-parent","grid-33"],"_links":{"self":[{"href":"https:\/\/madeiraisland.news\/index.php?rest_route=\/wp\/v2\/posts\/1194977","targetHints":{"allow":["GET"]}}],"collection":[{"href":"https:\/\/madeiraisland.news\/index.php?rest_route=\/wp\/v2\/posts"}],"about":[{"href":"https:\/\/madeiraisland.news\/index.php?rest_route=\/wp\/v2\/types\/post"}],"author":[{"embeddable":true,"href":"https:\/\/madeiraisland.news\/index.php?rest_route=\/wp\/v2\/users\/11"}],"replies":[{"embeddable":true,"href":"https:\/\/madeiraisland.news\/index.php?rest_route=%2Fwp%2Fv2%2Fcomments&post=1194977"}],"version-history":[{"count":1,"href":"https:\/\/madeiraisland.news\/index.php?rest_route=\/wp\/v2\/posts\/1194977\/revisions"}],"predecessor-version":[{"id":1194978,"href":"https:\/\/madeiraisland.news\/index.php?rest_route=\/wp\/v2\/posts\/1194977\/revisions\/1194978"}],"wp:attachment":[{"href":"https:\/\/madeiraisland.news\/index.php?rest_route=%2Fwp%2Fv2%2Fmedia&parent=1194977"}],"wp:term":[{"taxonomy":"category","embeddable":true,"href":"https:\/\/madeiraisland.news\/index.php?rest_route=%2Fwp%2Fv2%2Fcategories&post=1194977"},{"taxonomy":"post_tag","embeddable":true,"href":"https:\/\/madeiraisland.news\/index.php?rest_route=%2Fwp%2Fv2%2Ftags&post=1194977"}],"curies":[{"name":"wp","href":"https:\/\/api.w.org\/{rel}","templated":true}]}}