{"id":1194975,"date":"2026-04-30T11:28:17","date_gmt":"2026-04-30T11:28:17","guid":{"rendered":"https:\/\/madeiraisland.news\/?p=1194975"},"modified":"2026-04-30T11:45:16","modified_gmt":"2026-04-30T11:45:16","slug":"psp-regista-53-acidentes-em-seis-dias","status":"publish","type":"post","link":"https:\/\/madeiraisland.news\/?p=1194975","title":{"rendered":"PSP regista 53 acidentes em seis dias"},"content":{"rendered":"<p>O Comando Regional da Madeira da PSP registou 53 acidentes rodovi\u00e1rios na Regi\u00e3o Aut\u00f3noma da Madeira entre 24 e 29 de Abril de 2026, dos quais resultaram 11 feridos ligeiros e 2 feridos graves, sem v\u00edtimas mortais.<br \/>\nO Funchal foi o concelho com maior n\u00famero de ocorr\u00eancias, com 24 acidentes e 6 feridos ligeiros. Seguem-se Santa Cruz, com 10 acidentes e um ferido grave, e Machico, com 6 acidentes e um ferido ligeiro.<br \/>\nRegistaram-se ainda ocorr\u00eancias em C\u00e2mara de Lobos (3), Ribeira Brava (2), Ponta d<\/p>\n","protected":false},"excerpt":{"rendered":"<p>O Comando Regional da Madeira da PSP registou 53 acidentes rodovi\u00e1rios na Regi\u00e3o Aut\u00f3noma da Madeira entre 24 e 29 &#8230; <\/p>\n<p class=\"read-more-container\"><a title=\"PSP regista 53 acidentes em seis dias\" class=\"read-more button\" href=\"https:\/\/madeiraisland.news\/?p=1194975#more-1194975\" aria-label=\"Read more about PSP regista 53 acidentes em seis dias\">Read more<\/a><\/p>\n","protected":false},"author":11,"featured_media":0,"comment_status":"open","ping_status":"","sticky":false,"template":"","format":"standard","meta":{"footnotes":""},"categories":[19],"tags":[],"class_list":["post-1194975","post","type-post","status-publish","format-standard","hentry","category-madeira-island-news","infinite-scroll-item","masonry-post","generate-columns","tablet-grid-50","mobile-grid-100","grid-parent","grid-33"],"_links":{"self":[{"href":"https:\/\/madeiraisland.news\/index.php?rest_route=\/wp\/v2\/posts\/1194975","targetHints":{"allow":["GET"]}}],"collection":[{"href":"https:\/\/madeiraisland.news\/index.php?rest_route=\/wp\/v2\/posts"}],"about":[{"href":"https:\/\/madeiraisland.news\/index.php?rest_route=\/wp\/v2\/types\/post"}],"author":[{"embeddable":true,"href":"https:\/\/madeiraisland.news\/index.php?rest_route=\/wp\/v2\/users\/11"}],"replies":[{"embeddable":true,"href":"https:\/\/madeiraisland.news\/index.php?rest_route=%2Fwp%2Fv2%2Fcomments&post=1194975"}],"version-history":[{"count":1,"href":"https:\/\/madeiraisland.news\/index.php?rest_route=\/wp\/v2\/posts\/1194975\/revisions"}],"predecessor-version":[{"id":1194976,"href":"https:\/\/madeiraisland.news\/index.php?rest_route=\/wp\/v2\/posts\/1194975\/revisions\/1194976"}],"wp:attachment":[{"href":"https:\/\/madeiraisland.news\/index.php?rest_route=%2Fwp%2Fv2%2Fmedia&parent=1194975"}],"wp:term":[{"taxonomy":"category","embeddable":true,"href":"https:\/\/madeiraisland.news\/index.php?rest_route=%2Fwp%2Fv2%2Fcategories&post=1194975"},{"taxonomy":"post_tag","embeddable":true,"href":"https:\/\/madeiraisland.news\/index.php?rest_route=%2Fwp%2Fv2%2Ftags&post=1194975"}],"curies":[{"name":"wp","href":"https:\/\/api.w.org\/{rel}","templated":true}]}}