{"id":1194971,"date":"2026-04-30T11:14:24","date_gmt":"2026-04-30T11:14:24","guid":{"rendered":"https:\/\/madeiraisland.news\/?p=1194971"},"modified":"2026-04-30T11:20:52","modified_gmt":"2026-04-30T11:20:52","slug":"nicole-correia-vence-concurso-vozes-do-liceu-e-encerra-em-beleza-xxvii-semana-dos-clubes","status":"publish","type":"post","link":"https:\/\/madeiraisland.news\/?p=1194971","title":{"rendered":"Nicole Correia vence Concurso Vozes do \u201cLiceu\u201d e encerra em beleza XXVII Semana dos Clubes"},"content":{"rendered":"<p>Nicole Correia, aluna do 11.\u00ba de escolaridade, foi a vencedora do Concurso Vozes do Liceu 2026, tendo ficado em segundo lugar In\u00eas Silva, e Ricardo Ponte, em terceiro lugar. Um evento que \u00e9 uma mostra riqu\u00edssima de talentos vocais em express\u00e3o na Escola Secund\u00e1ria Jaime Moniz. O evento est\u00e1 enquadrado na XXVII Semana dos Clubes, [\u2026]<\/p>\n","protected":false},"excerpt":{"rendered":"<p>Nicole Correia, aluna do 11.\u00ba de escolaridade, foi a vencedora do Concurso Vozes do Liceu 2026, tendo ficado em segundo &#8230; <\/p>\n<p class=\"read-more-container\"><a title=\"Nicole Correia vence Concurso Vozes do \u201cLiceu\u201d e encerra em beleza XXVII Semana dos Clubes\" class=\"read-more button\" href=\"https:\/\/madeiraisland.news\/?p=1194971#more-1194971\" aria-label=\"Read more about Nicole Correia vence Concurso Vozes do \u201cLiceu\u201d e encerra em beleza XXVII Semana dos Clubes\">Read more<\/a><\/p>\n","protected":false},"author":282,"featured_media":0,"comment_status":"open","ping_status":"","sticky":false,"template":"","format":"standard","meta":{"footnotes":""},"categories":[19],"tags":[],"class_list":["post-1194971","post","type-post","status-publish","format-standard","hentry","category-madeira-island-news","infinite-scroll-item","masonry-post","generate-columns","tablet-grid-50","mobile-grid-100","grid-parent","grid-33"],"_links":{"self":[{"href":"https:\/\/madeiraisland.news\/index.php?rest_route=\/wp\/v2\/posts\/1194971","targetHints":{"allow":["GET"]}}],"collection":[{"href":"https:\/\/madeiraisland.news\/index.php?rest_route=\/wp\/v2\/posts"}],"about":[{"href":"https:\/\/madeiraisland.news\/index.php?rest_route=\/wp\/v2\/types\/post"}],"author":[{"embeddable":true,"href":"https:\/\/madeiraisland.news\/index.php?rest_route=\/wp\/v2\/users\/282"}],"replies":[{"embeddable":true,"href":"https:\/\/madeiraisland.news\/index.php?rest_route=%2Fwp%2Fv2%2Fcomments&post=1194971"}],"version-history":[{"count":1,"href":"https:\/\/madeiraisland.news\/index.php?rest_route=\/wp\/v2\/posts\/1194971\/revisions"}],"predecessor-version":[{"id":1194972,"href":"https:\/\/madeiraisland.news\/index.php?rest_route=\/wp\/v2\/posts\/1194971\/revisions\/1194972"}],"wp:attachment":[{"href":"https:\/\/madeiraisland.news\/index.php?rest_route=%2Fwp%2Fv2%2Fmedia&parent=1194971"}],"wp:term":[{"taxonomy":"category","embeddable":true,"href":"https:\/\/madeiraisland.news\/index.php?rest_route=%2Fwp%2Fv2%2Fcategories&post=1194971"},{"taxonomy":"post_tag","embeddable":true,"href":"https:\/\/madeiraisland.news\/index.php?rest_route=%2Fwp%2Fv2%2Ftags&post=1194971"}],"curies":[{"name":"wp","href":"https:\/\/api.w.org\/{rel}","templated":true}]}}