{"id":1194969,"date":"2026-04-30T11:16:09","date_gmt":"2026-04-30T11:16:09","guid":{"rendered":"https:\/\/madeiraisland.news\/?p=1194969"},"modified":"2026-04-30T11:20:52","modified_gmt":"2026-04-30T11:20:52","slug":"exposicao-producao-artesanal-portuguesa-abre-a-2-de-maio-no-ccif","status":"publish","type":"post","link":"https:\/\/madeiraisland.news\/?p=1194969","title":{"rendered":"Exposi\u00e7\u00e3o \u201cProdu\u00e7\u00e3o Artesanal Portuguesa\u201d abre a 2 de maio no CCIF"},"content":{"rendered":"<p>O Secret\u00e1rio Regional de Agricultura e Pescas, Nuno Maciel estar\u00e1 presente na abertura da Exposi\u00e7\u00e3o \u201cProdu\u00e7\u00e3o Artesanal Portuguesa: a atualidade do saber-fazer ancestral\u201d, resultante de uma parceria entre a Secretaria Regional de Agricultura e Pescas, a Dire\u00e7\u00e3o-Geral das Artes e a C\u00e2mara Municipal do Funchal. A inaugura\u00e7\u00e3o ter\u00e1 lugar no dia 2 de maio, \u00e0s [\u2026]<\/p>\n","protected":false},"excerpt":{"rendered":"<p>O Secret\u00e1rio Regional de Agricultura e Pescas, Nuno Maciel estar\u00e1 presente na abertura da Exposi\u00e7\u00e3o \u201cProdu\u00e7\u00e3o Artesanal Portuguesa: a atualidade &#8230; <\/p>\n<p class=\"read-more-container\"><a title=\"Exposi\u00e7\u00e3o \u201cProdu\u00e7\u00e3o Artesanal Portuguesa\u201d abre a 2 de maio no CCIF\" class=\"read-more button\" href=\"https:\/\/madeiraisland.news\/?p=1194969#more-1194969\" aria-label=\"Read more about Exposi\u00e7\u00e3o \u201cProdu\u00e7\u00e3o Artesanal Portuguesa\u201d abre a 2 de maio no CCIF\">Read more<\/a><\/p>\n","protected":false},"author":259,"featured_media":0,"comment_status":"open","ping_status":"","sticky":false,"template":"","format":"standard","meta":{"footnotes":""},"categories":[19],"tags":[],"class_list":["post-1194969","post","type-post","status-publish","format-standard","hentry","category-madeira-island-news","infinite-scroll-item","masonry-post","generate-columns","tablet-grid-50","mobile-grid-100","grid-parent","grid-33"],"_links":{"self":[{"href":"https:\/\/madeiraisland.news\/index.php?rest_route=\/wp\/v2\/posts\/1194969","targetHints":{"allow":["GET"]}}],"collection":[{"href":"https:\/\/madeiraisland.news\/index.php?rest_route=\/wp\/v2\/posts"}],"about":[{"href":"https:\/\/madeiraisland.news\/index.php?rest_route=\/wp\/v2\/types\/post"}],"author":[{"embeddable":true,"href":"https:\/\/madeiraisland.news\/index.php?rest_route=\/wp\/v2\/users\/259"}],"replies":[{"embeddable":true,"href":"https:\/\/madeiraisland.news\/index.php?rest_route=%2Fwp%2Fv2%2Fcomments&post=1194969"}],"version-history":[{"count":1,"href":"https:\/\/madeiraisland.news\/index.php?rest_route=\/wp\/v2\/posts\/1194969\/revisions"}],"predecessor-version":[{"id":1194970,"href":"https:\/\/madeiraisland.news\/index.php?rest_route=\/wp\/v2\/posts\/1194969\/revisions\/1194970"}],"wp:attachment":[{"href":"https:\/\/madeiraisland.news\/index.php?rest_route=%2Fwp%2Fv2%2Fmedia&parent=1194969"}],"wp:term":[{"taxonomy":"category","embeddable":true,"href":"https:\/\/madeiraisland.news\/index.php?rest_route=%2Fwp%2Fv2%2Fcategories&post=1194969"},{"taxonomy":"post_tag","embeddable":true,"href":"https:\/\/madeiraisland.news\/index.php?rest_route=%2Fwp%2Fv2%2Ftags&post=1194969"}],"curies":[{"name":"wp","href":"https:\/\/api.w.org\/{rel}","templated":true}]}}