{"id":1194967,"date":"2026-04-30T11:18:43","date_gmt":"2026-04-30T11:18:43","guid":{"rendered":"https:\/\/madeiraisland.news\/?p=1194967"},"modified":"2026-04-30T11:20:52","modified_gmt":"2026-04-30T11:20:52","slug":"governo-regional-reforca-aposta-nas-renovaveis-com-aumento-da-capacidade-de-armazenamento-da-central-hidroeletrica-da-serra-de-agua","status":"publish","type":"post","link":"https:\/\/madeiraisland.news\/?p=1194967","title":{"rendered":"Governo Regional refor\u00e7a aposta nas renov\u00e1veis com aumento da capacidade de armazenamento da Central Hidroel\u00e9trica da Serra de \u00c1gua"},"content":{"rendered":"<p>A Empresa de Eletricidade da Madeira (EEM) encontra-se na fase final da empreitada de \u201cAumento da Capacidade de Armazenamento da Central Hidroel\u00e9trica da Serra de \u00c1gua\u201d, um investimento estrat\u00e9gico do Governo Regional, financiado pelo Plano de Recupera\u00e7\u00e3o e Resili\u00eancia (PRR), no valor global de cerca de 5 milh\u00f5es de euros. A obra, iniciada no terreno [\u2026]<\/p>\n","protected":false},"excerpt":{"rendered":"<p>A Empresa de Eletricidade da Madeira (EEM) encontra-se na fase final da empreitada de \u201cAumento da Capacidade de Armazenamento da &#8230; <\/p>\n<p class=\"read-more-container\"><a title=\"Governo Regional refor\u00e7a aposta nas renov\u00e1veis com aumento da capacidade de armazenamento da Central Hidroel\u00e9trica da Serra de \u00c1gua\" class=\"read-more button\" href=\"https:\/\/madeiraisland.news\/?p=1194967#more-1194967\" aria-label=\"Read more about Governo Regional refor\u00e7a aposta nas renov\u00e1veis com aumento da capacidade de armazenamento da Central Hidroel\u00e9trica da Serra de \u00c1gua\">Read more<\/a><\/p>\n","protected":false},"author":259,"featured_media":0,"comment_status":"open","ping_status":"","sticky":false,"template":"","format":"standard","meta":{"footnotes":""},"categories":[19],"tags":[],"class_list":["post-1194967","post","type-post","status-publish","format-standard","hentry","category-madeira-island-news","infinite-scroll-item","masonry-post","generate-columns","tablet-grid-50","mobile-grid-100","grid-parent","grid-33"],"_links":{"self":[{"href":"https:\/\/madeiraisland.news\/index.php?rest_route=\/wp\/v2\/posts\/1194967","targetHints":{"allow":["GET"]}}],"collection":[{"href":"https:\/\/madeiraisland.news\/index.php?rest_route=\/wp\/v2\/posts"}],"about":[{"href":"https:\/\/madeiraisland.news\/index.php?rest_route=\/wp\/v2\/types\/post"}],"author":[{"embeddable":true,"href":"https:\/\/madeiraisland.news\/index.php?rest_route=\/wp\/v2\/users\/259"}],"replies":[{"embeddable":true,"href":"https:\/\/madeiraisland.news\/index.php?rest_route=%2Fwp%2Fv2%2Fcomments&post=1194967"}],"version-history":[{"count":1,"href":"https:\/\/madeiraisland.news\/index.php?rest_route=\/wp\/v2\/posts\/1194967\/revisions"}],"predecessor-version":[{"id":1194968,"href":"https:\/\/madeiraisland.news\/index.php?rest_route=\/wp\/v2\/posts\/1194967\/revisions\/1194968"}],"wp:attachment":[{"href":"https:\/\/madeiraisland.news\/index.php?rest_route=%2Fwp%2Fv2%2Fmedia&parent=1194967"}],"wp:term":[{"taxonomy":"category","embeddable":true,"href":"https:\/\/madeiraisland.news\/index.php?rest_route=%2Fwp%2Fv2%2Fcategories&post=1194967"},{"taxonomy":"post_tag","embeddable":true,"href":"https:\/\/madeiraisland.news\/index.php?rest_route=%2Fwp%2Fv2%2Ftags&post=1194967"}],"curies":[{"name":"wp","href":"https:\/\/api.w.org\/{rel}","templated":true}]}}