{"id":1194965,"date":"2026-04-30T10:55:37","date_gmt":"2026-04-30T10:55:37","guid":{"rendered":"https:\/\/madeiraisland.news\/?p=1194965"},"modified":"2026-04-30T11:12:50","modified_gmt":"2026-04-30T11:12:50","slug":"cmf-reforca-limpeza-urbana-para-a-festa-da-flor","status":"publish","type":"post","link":"https:\/\/madeiraisland.news\/?p=1194965","title":{"rendered":"CMF refor\u00e7a limpeza urbana para a Festa da Flor"},"content":{"rendered":"<p>A Festa da Flor,\u00a0 evento com dura\u00e7\u00e3o de um m\u00eas,\u00a0 exige, durante as pr\u00f3ximas semanas, que a limpeza urbana do Centro do Funchal seja refor\u00e7ada, de modo a garantir que todos os espa\u00e7os de festejos estejam constantemente limpos todos os dias da semana. Ap\u00f3s os cortejos da Festa da Flor, dias haver\u00e1 a habitual opera\u00e7\u00e3o [\u2026]<\/p>\n","protected":false},"excerpt":{"rendered":"<p>A Festa da Flor,\u00a0 evento com dura\u00e7\u00e3o de um m\u00eas,\u00a0 exige, durante as pr\u00f3ximas semanas, que a limpeza urbana do &#8230; <\/p>\n<p class=\"read-more-container\"><a title=\"CMF refor\u00e7a limpeza urbana para a Festa da Flor\" class=\"read-more button\" href=\"https:\/\/madeiraisland.news\/?p=1194965#more-1194965\" aria-label=\"Read more about CMF refor\u00e7a limpeza urbana para a Festa da Flor\">Read more<\/a><\/p>\n","protected":false},"author":259,"featured_media":0,"comment_status":"open","ping_status":"","sticky":false,"template":"","format":"standard","meta":{"footnotes":""},"categories":[19],"tags":[],"class_list":["post-1194965","post","type-post","status-publish","format-standard","hentry","category-madeira-island-news","infinite-scroll-item","masonry-post","generate-columns","tablet-grid-50","mobile-grid-100","grid-parent","grid-33"],"_links":{"self":[{"href":"https:\/\/madeiraisland.news\/index.php?rest_route=\/wp\/v2\/posts\/1194965","targetHints":{"allow":["GET"]}}],"collection":[{"href":"https:\/\/madeiraisland.news\/index.php?rest_route=\/wp\/v2\/posts"}],"about":[{"href":"https:\/\/madeiraisland.news\/index.php?rest_route=\/wp\/v2\/types\/post"}],"author":[{"embeddable":true,"href":"https:\/\/madeiraisland.news\/index.php?rest_route=\/wp\/v2\/users\/259"}],"replies":[{"embeddable":true,"href":"https:\/\/madeiraisland.news\/index.php?rest_route=%2Fwp%2Fv2%2Fcomments&post=1194965"}],"version-history":[{"count":1,"href":"https:\/\/madeiraisland.news\/index.php?rest_route=\/wp\/v2\/posts\/1194965\/revisions"}],"predecessor-version":[{"id":1194966,"href":"https:\/\/madeiraisland.news\/index.php?rest_route=\/wp\/v2\/posts\/1194965\/revisions\/1194966"}],"wp:attachment":[{"href":"https:\/\/madeiraisland.news\/index.php?rest_route=%2Fwp%2Fv2%2Fmedia&parent=1194965"}],"wp:term":[{"taxonomy":"category","embeddable":true,"href":"https:\/\/madeiraisland.news\/index.php?rest_route=%2Fwp%2Fv2%2Fcategories&post=1194965"},{"taxonomy":"post_tag","embeddable":true,"href":"https:\/\/madeiraisland.news\/index.php?rest_route=%2Fwp%2Fv2%2Ftags&post=1194965"}],"curies":[{"name":"wp","href":"https:\/\/api.w.org\/{rel}","templated":true}]}}