{"id":1194961,"date":"2026-04-30T11:07:22","date_gmt":"2026-04-30T11:07:22","guid":{"rendered":"https:\/\/madeiraisland.news\/?p=1194961"},"modified":"2026-04-30T11:12:49","modified_gmt":"2026-04-30T11:12:49","slug":"uma-promove-debate-interdisciplinar-sobre-os-desafios-da-inteligencia-artificial","status":"publish","type":"post","link":"https:\/\/madeiraisland.news\/?p=1194961","title":{"rendered":"UMa promove debate interdisciplinar sobre os desafios da Intelig\u00eancia Artificial"},"content":{"rendered":"<p>A Universidade da Madeira (UMa) promove, no pr\u00f3ximo dia 8 de maio, um ciclo de confer\u00eancias dedicado \u00e0s interse\u00e7\u00f5es entre intelig\u00eancia artificial, comunica\u00e7\u00e3o, educa\u00e7\u00e3o e filosofia. O evento decorre na Sala do Senado, no piso-2 do Campus da Penteada, entre as 14h15 e as 18h30, com entrada livre. Sob modera\u00e7\u00e3o de Sofia Ferreira, o programa [\u2026]<\/p>\n","protected":false},"excerpt":{"rendered":"<p>A Universidade da Madeira (UMa) promove, no pr\u00f3ximo dia 8 de maio, um ciclo de confer\u00eancias dedicado \u00e0s interse\u00e7\u00f5es entre &#8230; <\/p>\n<p class=\"read-more-container\"><a title=\"UMa promove debate interdisciplinar sobre os desafios da Intelig\u00eancia Artificial\" class=\"read-more button\" href=\"https:\/\/madeiraisland.news\/?p=1194961#more-1194961\" aria-label=\"Read more about UMa promove debate interdisciplinar sobre os desafios da Intelig\u00eancia Artificial\">Read more<\/a><\/p>\n","protected":false},"author":259,"featured_media":0,"comment_status":"open","ping_status":"","sticky":false,"template":"","format":"standard","meta":{"footnotes":""},"categories":[19],"tags":[],"class_list":["post-1194961","post","type-post","status-publish","format-standard","hentry","category-madeira-island-news","infinite-scroll-item","masonry-post","generate-columns","tablet-grid-50","mobile-grid-100","grid-parent","grid-33"],"_links":{"self":[{"href":"https:\/\/madeiraisland.news\/index.php?rest_route=\/wp\/v2\/posts\/1194961","targetHints":{"allow":["GET"]}}],"collection":[{"href":"https:\/\/madeiraisland.news\/index.php?rest_route=\/wp\/v2\/posts"}],"about":[{"href":"https:\/\/madeiraisland.news\/index.php?rest_route=\/wp\/v2\/types\/post"}],"author":[{"embeddable":true,"href":"https:\/\/madeiraisland.news\/index.php?rest_route=\/wp\/v2\/users\/259"}],"replies":[{"embeddable":true,"href":"https:\/\/madeiraisland.news\/index.php?rest_route=%2Fwp%2Fv2%2Fcomments&post=1194961"}],"version-history":[{"count":1,"href":"https:\/\/madeiraisland.news\/index.php?rest_route=\/wp\/v2\/posts\/1194961\/revisions"}],"predecessor-version":[{"id":1194962,"href":"https:\/\/madeiraisland.news\/index.php?rest_route=\/wp\/v2\/posts\/1194961\/revisions\/1194962"}],"wp:attachment":[{"href":"https:\/\/madeiraisland.news\/index.php?rest_route=%2Fwp%2Fv2%2Fmedia&parent=1194961"}],"wp:term":[{"taxonomy":"category","embeddable":true,"href":"https:\/\/madeiraisland.news\/index.php?rest_route=%2Fwp%2Fv2%2Fcategories&post=1194961"},{"taxonomy":"post_tag","embeddable":true,"href":"https:\/\/madeiraisland.news\/index.php?rest_route=%2Fwp%2Fv2%2Ftags&post=1194961"}],"curies":[{"name":"wp","href":"https:\/\/api.w.org\/{rel}","templated":true}]}}