{"id":1194957,"date":"2026-04-30T11:12:45","date_gmt":"2026-04-30T11:12:45","guid":{"rendered":"https:\/\/madeiraisland.news\/?p=1194957"},"modified":"2026-04-30T11:12:49","modified_gmt":"2026-04-30T11:12:49","slug":"agua-vai-faltar-nalgumas-zonas-de-santana-no-dia-5-e-6-de-maio","status":"publish","type":"post","link":"https:\/\/madeiraisland.news\/?p=1194957","title":{"rendered":"\u00c1gua vai faltar nalgumas zonas de Santana no dia 5 e 6 de maio"},"content":{"rendered":"<p>A ARM \u2013 \u00c1guas e Res\u00edduos da Madeira, S.A., informa que, no \u00e2mbito de trabalhos de melhoria dos sistemas de distribui\u00e7\u00e3o de \u00e1gua no concelho de Santana, ir\u00e3o ocorrer interrup\u00e7\u00f5es no abastecimento de \u00e1gua pot\u00e1vel conforme segue: Santana: Entre as 00h00 e as 14h00 do dia 05\/05\/2026, na freguesia de Santana nas zonas do Parque [\u2026]<\/p>\n","protected":false},"excerpt":{"rendered":"<p>A ARM \u2013 \u00c1guas e Res\u00edduos da Madeira, S.A., informa que, no \u00e2mbito de trabalhos de melhoria dos sistemas de &#8230; <\/p>\n<p class=\"read-more-container\"><a title=\"\u00c1gua vai faltar nalgumas zonas de Santana no dia 5 e 6 de maio\" class=\"read-more button\" href=\"https:\/\/madeiraisland.news\/?p=1194957#more-1194957\" aria-label=\"Read more about \u00c1gua vai faltar nalgumas zonas de Santana no dia 5 e 6 de maio\">Read more<\/a><\/p>\n","protected":false},"author":259,"featured_media":0,"comment_status":"open","ping_status":"","sticky":false,"template":"","format":"standard","meta":{"footnotes":""},"categories":[19],"tags":[],"class_list":["post-1194957","post","type-post","status-publish","format-standard","hentry","category-madeira-island-news","infinite-scroll-item","masonry-post","generate-columns","tablet-grid-50","mobile-grid-100","grid-parent","grid-33"],"_links":{"self":[{"href":"https:\/\/madeiraisland.news\/index.php?rest_route=\/wp\/v2\/posts\/1194957","targetHints":{"allow":["GET"]}}],"collection":[{"href":"https:\/\/madeiraisland.news\/index.php?rest_route=\/wp\/v2\/posts"}],"about":[{"href":"https:\/\/madeiraisland.news\/index.php?rest_route=\/wp\/v2\/types\/post"}],"author":[{"embeddable":true,"href":"https:\/\/madeiraisland.news\/index.php?rest_route=\/wp\/v2\/users\/259"}],"replies":[{"embeddable":true,"href":"https:\/\/madeiraisland.news\/index.php?rest_route=%2Fwp%2Fv2%2Fcomments&post=1194957"}],"version-history":[{"count":1,"href":"https:\/\/madeiraisland.news\/index.php?rest_route=\/wp\/v2\/posts\/1194957\/revisions"}],"predecessor-version":[{"id":1194958,"href":"https:\/\/madeiraisland.news\/index.php?rest_route=\/wp\/v2\/posts\/1194957\/revisions\/1194958"}],"wp:attachment":[{"href":"https:\/\/madeiraisland.news\/index.php?rest_route=%2Fwp%2Fv2%2Fmedia&parent=1194957"}],"wp:term":[{"taxonomy":"category","embeddable":true,"href":"https:\/\/madeiraisland.news\/index.php?rest_route=%2Fwp%2Fv2%2Fcategories&post=1194957"},{"taxonomy":"post_tag","embeddable":true,"href":"https:\/\/madeiraisland.news\/index.php?rest_route=%2Fwp%2Fv2%2Ftags&post=1194957"}],"curies":[{"name":"wp","href":"https:\/\/api.w.org\/{rel}","templated":true}]}}