{"id":1194951,"date":"2026-04-30T10:12:00","date_gmt":"2026-04-30T10:12:00","guid":{"rendered":"https:\/\/madeiraisland.news\/?p=1194951"},"modified":"2026-04-30T10:22:17","modified_gmt":"2026-04-30T10:22:17","slug":"cabaz-alimentar-desce-para-25852-euros-apos-sete-semanas-a-subir","status":"publish","type":"post","link":"https:\/\/madeiraisland.news\/?p=1194951","title":{"rendered":"Cabaz alimentar desce para 258,52 euros ap\u00f3s sete semanas a subir"},"content":{"rendered":"<p>O cabaz essencial de 63 produtos, monitorizado pela Deco Proteste, desceu esta semana pela primeira vez em sete semanas para 258,52 euros, menos 2,37 euros face \u00e0 semana anterior.<br \/>\n&#8220;O cabaz alimentar monitorizado pela Deco Proteste custa esta semana 258,52 euros, menos 2,37 euros do que na semana anterior&#8221;, refere a organiza\u00e7\u00e3o de defesa do consumidor em comunicado.<br \/>\nAp\u00f3s sete semanas de aumentos consecutivos, onde atingiu o valor mais elevado desde o in\u00edcio da monitoriza\u00e7\u00e3o, em 2022, o pre\u00e7o do c<\/p>\n","protected":false},"excerpt":{"rendered":"<p>O cabaz essencial de 63 produtos, monitorizado pela Deco Proteste, desceu esta semana pela primeira vez em sete semanas para 258,52 euros, menos 2,37 euros face \u00e0 semana anterior. &#8220;O cabaz alimentar monitorizado pela Deco<\/p>\n","protected":false},"author":5,"featured_media":0,"comment_status":"open","ping_status":"","sticky":false,"template":"","format":"standard","meta":{"footnotes":""},"categories":[19],"tags":[],"class_list":["post-1194951","post","type-post","status-publish","format-standard","hentry","category-madeira-island-news","infinite-scroll-item","masonry-post","generate-columns","tablet-grid-50","mobile-grid-100","grid-parent","grid-33"],"_links":{"self":[{"href":"https:\/\/madeiraisland.news\/index.php?rest_route=\/wp\/v2\/posts\/1194951","targetHints":{"allow":["GET"]}}],"collection":[{"href":"https:\/\/madeiraisland.news\/index.php?rest_route=\/wp\/v2\/posts"}],"about":[{"href":"https:\/\/madeiraisland.news\/index.php?rest_route=\/wp\/v2\/types\/post"}],"author":[{"embeddable":true,"href":"https:\/\/madeiraisland.news\/index.php?rest_route=\/wp\/v2\/users\/5"}],"replies":[{"embeddable":true,"href":"https:\/\/madeiraisland.news\/index.php?rest_route=%2Fwp%2Fv2%2Fcomments&post=1194951"}],"version-history":[{"count":2,"href":"https:\/\/madeiraisland.news\/index.php?rest_route=\/wp\/v2\/posts\/1194951\/revisions"}],"predecessor-version":[{"id":1194953,"href":"https:\/\/madeiraisland.news\/index.php?rest_route=\/wp\/v2\/posts\/1194951\/revisions\/1194953"}],"wp:attachment":[{"href":"https:\/\/madeiraisland.news\/index.php?rest_route=%2Fwp%2Fv2%2Fmedia&parent=1194951"}],"wp:term":[{"taxonomy":"category","embeddable":true,"href":"https:\/\/madeiraisland.news\/index.php?rest_route=%2Fwp%2Fv2%2Fcategories&post=1194951"},{"taxonomy":"post_tag","embeddable":true,"href":"https:\/\/madeiraisland.news\/index.php?rest_route=%2Fwp%2Fv2%2Ftags&post=1194951"}],"curies":[{"name":"wp","href":"https:\/\/api.w.org\/{rel}","templated":true}]}}