{"id":1194948,"date":"2026-04-30T09:56:19","date_gmt":"2026-04-30T09:56:19","guid":{"rendered":"https:\/\/madeiraisland.news\/?p=1194948"},"modified":"2026-04-30T09:58:48","modified_gmt":"2026-04-30T09:58:48","slug":"ryanair-pede-ao-governo-suspensao-do-novo-sistema-de-controlo-de-fronteiras-ate-setembro","status":"publish","type":"post","link":"https:\/\/madeiraisland.news\/?p=1194948","title":{"rendered":"Ryanair pede ao Governo suspens\u00e3o do novo sistema de controlo de fronteiras at\u00e9 Setembro"},"content":{"rendered":"<p>A Ryanair apelou hoje ao Governo portugu\u00eas para suspender at\u00e9 setembro a implementa\u00e7\u00e3o do novo sistema europeu de controlo de entradas e sa\u00eddas, alertando para longas filas nos aeroportos durante o pico do ver\u00e3o.<br \/>\nEm comunicado, a transportadora a\u00e9rea irlandesa defende que a medida deve ser aplicada para evitar que passageiros, muitos deles a viajar de f\u00e9rias com crian\u00e7as, sejam &#8220;desnecessariamente&#8221; obrigados a enfrentar atrasos prolongados no controlo de passaportes nos aeroportos portugueses.<br \/>\nA<\/p>\n","protected":false},"excerpt":{"rendered":"<p>A Ryanair apelou hoje ao Governo portugu\u00eas para suspender at\u00e9 setembro a implementa\u00e7\u00e3o do novo sistema europeu de controlo de entradas e sa\u00eddas, alertando para longas filas nos aeroportos durante o pico do ver\u00e3o. Em<\/p>\n","protected":false},"author":5,"featured_media":0,"comment_status":"open","ping_status":"","sticky":false,"template":"","format":"standard","meta":{"footnotes":""},"categories":[19],"tags":[],"class_list":["post-1194948","post","type-post","status-publish","format-standard","hentry","category-madeira-island-news","infinite-scroll-item","masonry-post","generate-columns","tablet-grid-50","mobile-grid-100","grid-parent","grid-33"],"_links":{"self":[{"href":"https:\/\/madeiraisland.news\/index.php?rest_route=\/wp\/v2\/posts\/1194948","targetHints":{"allow":["GET"]}}],"collection":[{"href":"https:\/\/madeiraisland.news\/index.php?rest_route=\/wp\/v2\/posts"}],"about":[{"href":"https:\/\/madeiraisland.news\/index.php?rest_route=\/wp\/v2\/types\/post"}],"author":[{"embeddable":true,"href":"https:\/\/madeiraisland.news\/index.php?rest_route=\/wp\/v2\/users\/5"}],"replies":[{"embeddable":true,"href":"https:\/\/madeiraisland.news\/index.php?rest_route=%2Fwp%2Fv2%2Fcomments&post=1194948"}],"version-history":[{"count":2,"href":"https:\/\/madeiraisland.news\/index.php?rest_route=\/wp\/v2\/posts\/1194948\/revisions"}],"predecessor-version":[{"id":1194950,"href":"https:\/\/madeiraisland.news\/index.php?rest_route=\/wp\/v2\/posts\/1194948\/revisions\/1194950"}],"wp:attachment":[{"href":"https:\/\/madeiraisland.news\/index.php?rest_route=%2Fwp%2Fv2%2Fmedia&parent=1194948"}],"wp:term":[{"taxonomy":"category","embeddable":true,"href":"https:\/\/madeiraisland.news\/index.php?rest_route=%2Fwp%2Fv2%2Fcategories&post=1194948"},{"taxonomy":"post_tag","embeddable":true,"href":"https:\/\/madeiraisland.news\/index.php?rest_route=%2Fwp%2Fv2%2Ftags&post=1194948"}],"curies":[{"name":"wp","href":"https:\/\/api.w.org\/{rel}","templated":true}]}}