{"id":1194946,"date":"2026-04-30T09:41:14","date_gmt":"2026-04-30T09:41:14","guid":{"rendered":"https:\/\/madeiraisland.news\/?p=1194946"},"modified":"2026-04-30T09:58:46","modified_gmt":"2026-04-30T09:58:46","slug":"jovens-de-santana-comemoram-50-anos-da-autonomia","status":"publish","type":"post","link":"https:\/\/madeiraisland.news\/?p=1194946","title":{"rendered":"Jovens de Santana comemoram 50 anos da Autonomia"},"content":{"rendered":"<p>No passado dia 24 de abril, realizou-se, no Sal\u00e3o Paroquial de Santana, o II Col\u00f3quio organizado pela Associa\u00e7\u00e3o Juvenil Viver Santana, em parceria com o grupo de Hist\u00f3ria da Escola B\u00e1sica e Secund\u00e1ria com Pr\u00e9-escolar e Creche Bispo D. Manuel Ferreira Cabral, subordinado ao tema \u201c50 anos de Autonomia: mem\u00f3ria, identidade e futuro da RAM\u201d. [\u2026]<\/p>\n","protected":false},"excerpt":{"rendered":"<p>No passado dia 24 de abril, realizou-se, no Sal\u00e3o Paroquial de Santana, o II Col\u00f3quio organizado pela Associa\u00e7\u00e3o Juvenil Viver &#8230; <\/p>\n<p class=\"read-more-container\"><a title=\"Jovens de Santana comemoram 50 anos da Autonomia\" class=\"read-more button\" href=\"https:\/\/madeiraisland.news\/?p=1194946#more-1194946\" aria-label=\"Read more about Jovens de Santana comemoram 50 anos da Autonomia\">Read more<\/a><\/p>\n","protected":false},"author":259,"featured_media":0,"comment_status":"open","ping_status":"","sticky":false,"template":"","format":"standard","meta":{"footnotes":""},"categories":[19],"tags":[],"class_list":["post-1194946","post","type-post","status-publish","format-standard","hentry","category-madeira-island-news","infinite-scroll-item","masonry-post","generate-columns","tablet-grid-50","mobile-grid-100","grid-parent","grid-33"],"_links":{"self":[{"href":"https:\/\/madeiraisland.news\/index.php?rest_route=\/wp\/v2\/posts\/1194946","targetHints":{"allow":["GET"]}}],"collection":[{"href":"https:\/\/madeiraisland.news\/index.php?rest_route=\/wp\/v2\/posts"}],"about":[{"href":"https:\/\/madeiraisland.news\/index.php?rest_route=\/wp\/v2\/types\/post"}],"author":[{"embeddable":true,"href":"https:\/\/madeiraisland.news\/index.php?rest_route=\/wp\/v2\/users\/259"}],"replies":[{"embeddable":true,"href":"https:\/\/madeiraisland.news\/index.php?rest_route=%2Fwp%2Fv2%2Fcomments&post=1194946"}],"version-history":[{"count":1,"href":"https:\/\/madeiraisland.news\/index.php?rest_route=\/wp\/v2\/posts\/1194946\/revisions"}],"predecessor-version":[{"id":1194947,"href":"https:\/\/madeiraisland.news\/index.php?rest_route=\/wp\/v2\/posts\/1194946\/revisions\/1194947"}],"wp:attachment":[{"href":"https:\/\/madeiraisland.news\/index.php?rest_route=%2Fwp%2Fv2%2Fmedia&parent=1194946"}],"wp:term":[{"taxonomy":"category","embeddable":true,"href":"https:\/\/madeiraisland.news\/index.php?rest_route=%2Fwp%2Fv2%2Fcategories&post=1194946"},{"taxonomy":"post_tag","embeddable":true,"href":"https:\/\/madeiraisland.news\/index.php?rest_route=%2Fwp%2Fv2%2Ftags&post=1194946"}],"curies":[{"name":"wp","href":"https:\/\/api.w.org\/{rel}","templated":true}]}}