{"id":1194943,"date":"2026-04-30T09:23:49","date_gmt":"2026-04-30T09:23:49","guid":{"rendered":"https:\/\/madeiraisland.news\/?p=1194943"},"modified":"2026-04-30T09:31:40","modified_gmt":"2026-04-30T09:31:40","slug":"inflacao-acelera-para-34-em-abril-devido-a-subida-dos-combustiveis","status":"publish","type":"post","link":"https:\/\/madeiraisland.news\/?p=1194943","title":{"rendered":"Infla\u00e7\u00e3o acelera para 3,4% em abril devido \u00e0 subida dos combust\u00edveis"},"content":{"rendered":"<p>A taxa de infla\u00e7\u00e3o acelerou para 3,4% em abril, mais 0,7 pontos percentuais do que no m\u00eas anterior, novamente impulsionada pelos combust\u00edveis, segundo a estimativa r\u00e1pida divulgada hoje pelo Instituto Nacional de Estat\u00edstica (INE).<br \/>\n&#8220;Tal como verificado no m\u00eas anterior, a acelera\u00e7\u00e3o do IPC [\u00cdndice de Pre\u00e7os no Consumidor] \u00e9 maioritariamente explicada pelo aumento do pre\u00e7o dos combust\u00edveis&#8221;, refletindo a subida do pre\u00e7o do petr\u00f3leo, refere o INE.<br \/>\nEm abril, a varia\u00e7\u00e3o do \u00edndice referente aos produ<\/p>\n","protected":false},"excerpt":{"rendered":"<p>A taxa de infla\u00e7\u00e3o acelerou para 3,4% em abril, mais 0,7 pontos percentuais do que no m\u00eas anterior, novamente impulsionada pelos combust\u00edveis, segundo a estimativa r\u00e1pida divulgada hoje pelo Instituto Nacional de Estat\u00edstica (INE). &#8220;Tal<\/p>\n","protected":false},"author":5,"featured_media":0,"comment_status":"open","ping_status":"","sticky":false,"template":"","format":"standard","meta":{"footnotes":""},"categories":[19],"tags":[],"class_list":["post-1194943","post","type-post","status-publish","format-standard","hentry","category-madeira-island-news","infinite-scroll-item","masonry-post","generate-columns","tablet-grid-50","mobile-grid-100","grid-parent","grid-33"],"_links":{"self":[{"href":"https:\/\/madeiraisland.news\/index.php?rest_route=\/wp\/v2\/posts\/1194943","targetHints":{"allow":["GET"]}}],"collection":[{"href":"https:\/\/madeiraisland.news\/index.php?rest_route=\/wp\/v2\/posts"}],"about":[{"href":"https:\/\/madeiraisland.news\/index.php?rest_route=\/wp\/v2\/types\/post"}],"author":[{"embeddable":true,"href":"https:\/\/madeiraisland.news\/index.php?rest_route=\/wp\/v2\/users\/5"}],"replies":[{"embeddable":true,"href":"https:\/\/madeiraisland.news\/index.php?rest_route=%2Fwp%2Fv2%2Fcomments&post=1194943"}],"version-history":[{"count":2,"href":"https:\/\/madeiraisland.news\/index.php?rest_route=\/wp\/v2\/posts\/1194943\/revisions"}],"predecessor-version":[{"id":1194945,"href":"https:\/\/madeiraisland.news\/index.php?rest_route=\/wp\/v2\/posts\/1194943\/revisions\/1194945"}],"wp:attachment":[{"href":"https:\/\/madeiraisland.news\/index.php?rest_route=%2Fwp%2Fv2%2Fmedia&parent=1194943"}],"wp:term":[{"taxonomy":"category","embeddable":true,"href":"https:\/\/madeiraisland.news\/index.php?rest_route=%2Fwp%2Fv2%2Fcategories&post=1194943"},{"taxonomy":"post_tag","embeddable":true,"href":"https:\/\/madeiraisland.news\/index.php?rest_route=%2Fwp%2Fv2%2Ftags&post=1194943"}],"curies":[{"name":"wp","href":"https:\/\/api.w.org\/{rel}","templated":true}]}}