{"id":1194941,"date":"2026-04-30T09:23:02","date_gmt":"2026-04-30T09:23:02","guid":{"rendered":"https:\/\/madeiraisland.news\/?p=1194941"},"modified":"2026-04-30T09:31:39","modified_gmt":"2026-04-30T09:31:39","slug":"incendio-no-estreito-da-calheta-mobiliza-varios-meios","status":"publish","type":"post","link":"https:\/\/madeiraisland.news\/?p=1194941","title":{"rendered":"Inc\u00eandio no Estreito da Calheta mobiliza v\u00e1rios meios"},"content":{"rendered":"<p>O inc\u00eandio que deflagrou esta manh\u00e3 no Estreito da Calheta mant\u00e9m-se activo<br \/>\nnuma zona de encosta e escarpa junto ao litoral, mobilizando v\u00e1rios meios de<br \/>\ncombate, incluindo o helic\u00f3ptero do Servi\u00e7o Regional de Protec\u00e7\u00e3o Civil.<br \/>\nO alerta foi dado pelas 7h00 para um foco de<br \/>\ninc\u00eandio em mato numa \u00e1rea de dif\u00edcil acesso. No local est\u00e3o os Bombeiros<br \/>\nVolunt\u00e1rios da Calheta, os Bombeiros Mistos da Ribeira Brava e Ponta do Sol e<br \/>\nos Bombeiros Sapadores do Funchal.<br \/>\nAo todo, a opera\u00e7\u00e3o envolve seis viaturas <\/p>\n","protected":false},"excerpt":{"rendered":"<p>O inc\u00eandio que deflagrou esta manh\u00e3 no Estreito da Calheta mant\u00e9m-se activo numa zona de encosta e escarpa junto ao &#8230; <\/p>\n<p class=\"read-more-container\"><a title=\"Inc\u00eandio no Estreito da Calheta mobiliza v\u00e1rios meios\" class=\"read-more button\" href=\"https:\/\/madeiraisland.news\/?p=1194941#more-1194941\" aria-label=\"Read more about Inc\u00eandio no Estreito da Calheta mobiliza v\u00e1rios meios\">Read more<\/a><\/p>\n","protected":false},"author":11,"featured_media":0,"comment_status":"open","ping_status":"","sticky":false,"template":"","format":"standard","meta":{"footnotes":""},"categories":[19],"tags":[],"class_list":["post-1194941","post","type-post","status-publish","format-standard","hentry","category-madeira-island-news","infinite-scroll-item","masonry-post","generate-columns","tablet-grid-50","mobile-grid-100","grid-parent","grid-33"],"_links":{"self":[{"href":"https:\/\/madeiraisland.news\/index.php?rest_route=\/wp\/v2\/posts\/1194941","targetHints":{"allow":["GET"]}}],"collection":[{"href":"https:\/\/madeiraisland.news\/index.php?rest_route=\/wp\/v2\/posts"}],"about":[{"href":"https:\/\/madeiraisland.news\/index.php?rest_route=\/wp\/v2\/types\/post"}],"author":[{"embeddable":true,"href":"https:\/\/madeiraisland.news\/index.php?rest_route=\/wp\/v2\/users\/11"}],"replies":[{"embeddable":true,"href":"https:\/\/madeiraisland.news\/index.php?rest_route=%2Fwp%2Fv2%2Fcomments&post=1194941"}],"version-history":[{"count":1,"href":"https:\/\/madeiraisland.news\/index.php?rest_route=\/wp\/v2\/posts\/1194941\/revisions"}],"predecessor-version":[{"id":1194942,"href":"https:\/\/madeiraisland.news\/index.php?rest_route=\/wp\/v2\/posts\/1194941\/revisions\/1194942"}],"wp:attachment":[{"href":"https:\/\/madeiraisland.news\/index.php?rest_route=%2Fwp%2Fv2%2Fmedia&parent=1194941"}],"wp:term":[{"taxonomy":"category","embeddable":true,"href":"https:\/\/madeiraisland.news\/index.php?rest_route=%2Fwp%2Fv2%2Fcategories&post=1194941"},{"taxonomy":"post_tag","embeddable":true,"href":"https:\/\/madeiraisland.news\/index.php?rest_route=%2Fwp%2Fv2%2Ftags&post=1194941"}],"curies":[{"name":"wp","href":"https:\/\/api.w.org\/{rel}","templated":true}]}}