{"id":1194939,"date":"2026-04-30T09:07:50","date_gmt":"2026-04-30T09:07:50","guid":{"rendered":"https:\/\/madeiraisland.news\/?p=1194939"},"modified":"2026-04-30T09:19:59","modified_gmt":"2026-04-30T09:19:59","slug":"queda-no-bairro-da-ajuda-faz-um-ferido","status":"publish","type":"post","link":"https:\/\/madeiraisland.news\/?p=1194939","title":{"rendered":"Queda no Bairro da Ajuda faz um ferido"},"content":{"rendered":"<p>Um homem de 70 anos ficou ferido, na \u00faltima hora, ap\u00f3s uma queda no Bairro<br \/>\nda Ajuda, no Funchal, numa zona de jardim.<br \/>\nSegundo informa\u00e7\u00e3o dos Bombeiros Volunt\u00e1rios<br \/>\nMadeirenses, a v\u00edtima ter\u00e1 ca\u00eddo de uma altura entre 1,5 e 2 metros, sofrendo<br \/>\num golpe na testa e um traumatismo no bra\u00e7o, havendo suspeita de fractura da<br \/>\nclav\u00edcula.<br \/>\nPara o<br \/>\nlocal foram mobilizados meios dos Bombeiros Volunt\u00e1rios Madeirenses, com uma<br \/>\nambul\u00e2ncia e uma viatura de apoio, num total de quatro operacionais. A v\u00edtima<br \/>\nfoi assis<\/p>\n","protected":false},"excerpt":{"rendered":"<p>Um homem de 70 anos ficou ferido, na \u00faltima hora, ap\u00f3s uma queda no Bairro da Ajuda, no Funchal, numa &#8230; <\/p>\n<p class=\"read-more-container\"><a title=\"Queda no Bairro da Ajuda faz um ferido\" class=\"read-more button\" href=\"https:\/\/madeiraisland.news\/?p=1194939#more-1194939\" aria-label=\"Read more about Queda no Bairro da Ajuda faz um ferido\">Read more<\/a><\/p>\n","protected":false},"author":11,"featured_media":0,"comment_status":"open","ping_status":"","sticky":false,"template":"","format":"standard","meta":{"footnotes":""},"categories":[19],"tags":[],"class_list":["post-1194939","post","type-post","status-publish","format-standard","hentry","category-madeira-island-news","infinite-scroll-item","masonry-post","generate-columns","tablet-grid-50","mobile-grid-100","grid-parent","grid-33"],"_links":{"self":[{"href":"https:\/\/madeiraisland.news\/index.php?rest_route=\/wp\/v2\/posts\/1194939","targetHints":{"allow":["GET"]}}],"collection":[{"href":"https:\/\/madeiraisland.news\/index.php?rest_route=\/wp\/v2\/posts"}],"about":[{"href":"https:\/\/madeiraisland.news\/index.php?rest_route=\/wp\/v2\/types\/post"}],"author":[{"embeddable":true,"href":"https:\/\/madeiraisland.news\/index.php?rest_route=\/wp\/v2\/users\/11"}],"replies":[{"embeddable":true,"href":"https:\/\/madeiraisland.news\/index.php?rest_route=%2Fwp%2Fv2%2Fcomments&post=1194939"}],"version-history":[{"count":1,"href":"https:\/\/madeiraisland.news\/index.php?rest_route=\/wp\/v2\/posts\/1194939\/revisions"}],"predecessor-version":[{"id":1194940,"href":"https:\/\/madeiraisland.news\/index.php?rest_route=\/wp\/v2\/posts\/1194939\/revisions\/1194940"}],"wp:attachment":[{"href":"https:\/\/madeiraisland.news\/index.php?rest_route=%2Fwp%2Fv2%2Fmedia&parent=1194939"}],"wp:term":[{"taxonomy":"category","embeddable":true,"href":"https:\/\/madeiraisland.news\/index.php?rest_route=%2Fwp%2Fv2%2Fcategories&post=1194939"},{"taxonomy":"post_tag","embeddable":true,"href":"https:\/\/madeiraisland.news\/index.php?rest_route=%2Fwp%2Fv2%2Ftags&post=1194939"}],"curies":[{"name":"wp","href":"https:\/\/api.w.org\/{rel}","templated":true}]}}