{"id":1194934,"date":"2026-04-30T08:50:35","date_gmt":"2026-04-30T08:50:35","guid":{"rendered":"https:\/\/madeiraisland.news\/?p=1194934"},"modified":"2026-04-30T08:54:46","modified_gmt":"2026-04-30T08:54:46","slug":"suspeito-de-homicidio-em-machico-ja-deu-entrada-no-tribunal","status":"publish","type":"post","link":"https:\/\/madeiraisland.news\/?p=1194934","title":{"rendered":"Suspeito de homic\u00eddio em Machico j\u00e1 deu entrada no tribunal"},"content":{"rendered":"<p>Pouco mais de um m\u00eas depois de, alegadamente, ter cometido morto a m\u00e3e, o alegado autor do crise ocorrido na Matur, em Machico, que ontem teve alta m\u00e9dica da Casa de Sa\u00fade S\u00e3o Jo\u00e3o de Deus, deu hoje entrada no Tribunal do Funchal.<br \/>\nDesde que tinha sido capturado, ap\u00f3s quatro dias de fuga, o homem estava internado sob acompanhamento especializado, encontrando-se desde ontem detido.\u00a0 no Estabelecimento Prisional do Funchal.\u00a0<br \/>\nAgora ser\u00e1 sujeito a primeiro interrogat\u00f3rio judicial no Tribunal da Comar<\/p>\n","protected":false},"excerpt":{"rendered":"<p>Pouco mais de um m\u00eas depois de, alegadamente, ter cometido morto a m\u00e3e, o alegado autor do crise ocorrido na &#8230; <\/p>\n<p class=\"read-more-container\"><a title=\"Suspeito de homic\u00eddio em Machico j\u00e1 deu entrada no tribunal\" class=\"read-more button\" href=\"https:\/\/madeiraisland.news\/?p=1194934#more-1194934\" aria-label=\"Read more about Suspeito de homic\u00eddio em Machico j\u00e1 deu entrada no tribunal\">Read more<\/a><\/p>\n","protected":false},"author":3,"featured_media":0,"comment_status":"open","ping_status":"","sticky":false,"template":"","format":"standard","meta":{"footnotes":""},"categories":[19],"tags":[],"class_list":["post-1194934","post","type-post","status-publish","format-standard","hentry","category-madeira-island-news","infinite-scroll-item","masonry-post","generate-columns","tablet-grid-50","mobile-grid-100","grid-parent","grid-33"],"_links":{"self":[{"href":"https:\/\/madeiraisland.news\/index.php?rest_route=\/wp\/v2\/posts\/1194934","targetHints":{"allow":["GET"]}}],"collection":[{"href":"https:\/\/madeiraisland.news\/index.php?rest_route=\/wp\/v2\/posts"}],"about":[{"href":"https:\/\/madeiraisland.news\/index.php?rest_route=\/wp\/v2\/types\/post"}],"author":[{"embeddable":true,"href":"https:\/\/madeiraisland.news\/index.php?rest_route=\/wp\/v2\/users\/3"}],"replies":[{"embeddable":true,"href":"https:\/\/madeiraisland.news\/index.php?rest_route=%2Fwp%2Fv2%2Fcomments&post=1194934"}],"version-history":[{"count":1,"href":"https:\/\/madeiraisland.news\/index.php?rest_route=\/wp\/v2\/posts\/1194934\/revisions"}],"predecessor-version":[{"id":1194935,"href":"https:\/\/madeiraisland.news\/index.php?rest_route=\/wp\/v2\/posts\/1194934\/revisions\/1194935"}],"wp:attachment":[{"href":"https:\/\/madeiraisland.news\/index.php?rest_route=%2Fwp%2Fv2%2Fmedia&parent=1194934"}],"wp:term":[{"taxonomy":"category","embeddable":true,"href":"https:\/\/madeiraisland.news\/index.php?rest_route=%2Fwp%2Fv2%2Fcategories&post=1194934"},{"taxonomy":"post_tag","embeddable":true,"href":"https:\/\/madeiraisland.news\/index.php?rest_route=%2Fwp%2Fv2%2Ftags&post=1194934"}],"curies":[{"name":"wp","href":"https:\/\/api.w.org\/{rel}","templated":true}]}}