{"id":1194927,"date":"2026-04-30T07:14:18","date_gmt":"2026-04-30T07:14:18","guid":{"rendered":"https:\/\/madeiraisland.news\/?p=1194927"},"modified":"2026-04-30T07:20:03","modified_gmt":"2026-04-30T07:20:03","slug":"homem-agredido-na-rua-do-ribeirinho","status":"publish","type":"post","link":"https:\/\/madeiraisland.news\/?p=1194927","title":{"rendered":"Homem agredido na Rua do Ribeirinho"},"content":{"rendered":"<p>Um cidad\u00e3o de nacionalidade nepalesa foi agredido ontem \u00e0 noite por um cidad\u00e3o portugu\u00eas, natural da Madeira, numa das ruas do centro do Funchal.<br \/>\nAo que tudo aponta, os dois homens evolveram-se em uma discuss\u00e3o, acabando o segundo por agredir o primeiro na boca.<br \/>\nO incidente deu-se pelas 22h20 na Rua do Ribeirinho, tendo ocorrido ao local a PSP, bem como os Bombeiros Volunt\u00e1rios Madeirenses, que prestaram os primeiros socorros o local.<br \/>\nPosteriormente, o nepal\u00eas de 43 anos de idade foi transportad<\/p>\n","protected":false},"excerpt":{"rendered":"<p>Um cidad\u00e3o de nacionalidade nepalesa foi agredido ontem \u00e0 noite por um cidad\u00e3o portugu\u00eas, natural da Madeira, numa das ruas &#8230; <\/p>\n<p class=\"read-more-container\"><a title=\"Homem agredido na Rua do Ribeirinho\" class=\"read-more button\" href=\"https:\/\/madeiraisland.news\/?p=1194927#more-1194927\" aria-label=\"Read more about Homem agredido na Rua do Ribeirinho\">Read more<\/a><\/p>\n","protected":false},"author":3,"featured_media":0,"comment_status":"open","ping_status":"","sticky":false,"template":"","format":"standard","meta":{"footnotes":""},"categories":[19],"tags":[],"class_list":["post-1194927","post","type-post","status-publish","format-standard","hentry","category-madeira-island-news","infinite-scroll-item","masonry-post","generate-columns","tablet-grid-50","mobile-grid-100","grid-parent","grid-33"],"_links":{"self":[{"href":"https:\/\/madeiraisland.news\/index.php?rest_route=\/wp\/v2\/posts\/1194927","targetHints":{"allow":["GET"]}}],"collection":[{"href":"https:\/\/madeiraisland.news\/index.php?rest_route=\/wp\/v2\/posts"}],"about":[{"href":"https:\/\/madeiraisland.news\/index.php?rest_route=\/wp\/v2\/types\/post"}],"author":[{"embeddable":true,"href":"https:\/\/madeiraisland.news\/index.php?rest_route=\/wp\/v2\/users\/3"}],"replies":[{"embeddable":true,"href":"https:\/\/madeiraisland.news\/index.php?rest_route=%2Fwp%2Fv2%2Fcomments&post=1194927"}],"version-history":[{"count":1,"href":"https:\/\/madeiraisland.news\/index.php?rest_route=\/wp\/v2\/posts\/1194927\/revisions"}],"predecessor-version":[{"id":1194928,"href":"https:\/\/madeiraisland.news\/index.php?rest_route=\/wp\/v2\/posts\/1194927\/revisions\/1194928"}],"wp:attachment":[{"href":"https:\/\/madeiraisland.news\/index.php?rest_route=%2Fwp%2Fv2%2Fmedia&parent=1194927"}],"wp:term":[{"taxonomy":"category","embeddable":true,"href":"https:\/\/madeiraisland.news\/index.php?rest_route=%2Fwp%2Fv2%2Fcategories&post=1194927"},{"taxonomy":"post_tag","embeddable":true,"href":"https:\/\/madeiraisland.news\/index.php?rest_route=%2Fwp%2Fv2%2Ftags&post=1194927"}],"curies":[{"name":"wp","href":"https:\/\/api.w.org\/{rel}","templated":true}]}}