{"id":1194921,"date":"2026-04-30T06:43:09","date_gmt":"2026-04-30T06:43:09","guid":{"rendered":"https:\/\/madeiraisland.news\/?p=1194921"},"modified":"2026-04-30T06:52:43","modified_gmt":"2026-04-30T06:52:43","slug":"denuncias-de-violencia-ao-instituto-de-apoio-a-crianca-sobem-em-2025","status":"publish","type":"post","link":"https:\/\/madeiraisland.news\/?p=1194921","title":{"rendered":"Den\u00fancias de viol\u00eancia ao Instituto de Apoio \u00e0 Crian\u00e7a sobem em 2025"},"content":{"rendered":"<p>Mais de 600 casos de viol\u00eancia contra menores foram denunciados ao Instituto de Apoio \u00e0 Crian\u00e7a (IAC) em 2025, uma subida de 251 den\u00fancias relativamente a 2024, destacando-se os maus-tratos no interior das fam\u00edlias, foi hoje divulgado.<br \/>\nO IAC recebeu 618 den\u00fancias de viol\u00eancia contra crian\u00e7as no ano passado, um n\u00famero que subiu em compara\u00e7\u00e3o com 2024, quando foram registadas 367, segundo dados enviados \u00e0 Lusa, a prop\u00f3sito do M\u00eas da Preven\u00e7\u00e3o dos Maus-Tratos na Inf\u00e2ncia, que se assinala em abril. <\/p>\n","protected":false},"excerpt":{"rendered":"<p>Mais de 600 casos de viol\u00eancia contra menores foram denunciados ao Instituto de Apoio \u00e0 Crian\u00e7a (IAC) em 2025, uma subida de 251 den\u00fancias relativamente a 2024, destacando-se os maus-tratos no interior das fam\u00edlias, foi<\/p>\n","protected":false},"author":5,"featured_media":0,"comment_status":"open","ping_status":"","sticky":false,"template":"","format":"standard","meta":{"footnotes":""},"categories":[19],"tags":[],"class_list":["post-1194921","post","type-post","status-publish","format-standard","hentry","category-madeira-island-news","infinite-scroll-item","masonry-post","generate-columns","tablet-grid-50","mobile-grid-100","grid-parent","grid-33"],"_links":{"self":[{"href":"https:\/\/madeiraisland.news\/index.php?rest_route=\/wp\/v2\/posts\/1194921","targetHints":{"allow":["GET"]}}],"collection":[{"href":"https:\/\/madeiraisland.news\/index.php?rest_route=\/wp\/v2\/posts"}],"about":[{"href":"https:\/\/madeiraisland.news\/index.php?rest_route=\/wp\/v2\/types\/post"}],"author":[{"embeddable":true,"href":"https:\/\/madeiraisland.news\/index.php?rest_route=\/wp\/v2\/users\/5"}],"replies":[{"embeddable":true,"href":"https:\/\/madeiraisland.news\/index.php?rest_route=%2Fwp%2Fv2%2Fcomments&post=1194921"}],"version-history":[{"count":2,"href":"https:\/\/madeiraisland.news\/index.php?rest_route=\/wp\/v2\/posts\/1194921\/revisions"}],"predecessor-version":[{"id":1194923,"href":"https:\/\/madeiraisland.news\/index.php?rest_route=\/wp\/v2\/posts\/1194921\/revisions\/1194923"}],"wp:attachment":[{"href":"https:\/\/madeiraisland.news\/index.php?rest_route=%2Fwp%2Fv2%2Fmedia&parent=1194921"}],"wp:term":[{"taxonomy":"category","embeddable":true,"href":"https:\/\/madeiraisland.news\/index.php?rest_route=%2Fwp%2Fv2%2Fcategories&post=1194921"},{"taxonomy":"post_tag","embeddable":true,"href":"https:\/\/madeiraisland.news\/index.php?rest_route=%2Fwp%2Fv2%2Ftags&post=1194921"}],"curies":[{"name":"wp","href":"https:\/\/api.w.org\/{rel}","templated":true}]}}