{"id":1194916,"date":"2026-04-29T23:01:30","date_gmt":"2026-04-29T23:01:30","guid":{"rendered":"https:\/\/madeiraisland.news\/?p=1194916"},"modified":"2026-04-29T23:06:27","modified_gmt":"2026-04-29T23:06:27","slug":"rangel-considera-que-utilizacao-das-lajes-pelos-eua-tem-sido-infima","status":"publish","type":"post","link":"https:\/\/madeiraisland.news\/?p=1194916","title":{"rendered":"Rangel considera que utiliza\u00e7\u00e3o das Lajes pelos EUA tem sido \u00ednfima"},"content":{"rendered":"<p>O ministro dos Neg\u00f3cios Estrangeiros, Paulo Rangel, defendeu hoje que a utiliza\u00e7\u00e3o da Base das Lajes pelos Estados Unidos no conflito com o Ir\u00e3o tem sido \u00ednfima, em compara\u00e7\u00e3o com os recursos dos norte-americanos no M\u00e9dio Oriente.<br \/>\n&#8220;A utiliza\u00e7\u00e3o \u00e9 \u00ednfima, se pensarmos na escala da presen\u00e7a de for\u00e7as dos EUA e todos os seus recursos na regi\u00e3o [do M\u00e9dio Oriente], estamos a falar de uma presen\u00e7a que n\u00e3o \u00e9 muito relevante&#8221;, referiu Rangel, no Programa Grande Entrevista da RTP, de V\u00edtor Gon\u00e7alves.<br \/>\nO c<\/p>\n","protected":false},"excerpt":{"rendered":"<p>O ministro dos Neg\u00f3cios Estrangeiros, Paulo Rangel, defendeu hoje que a utiliza\u00e7\u00e3o da Base das Lajes pelos Estados Unidos no conflito com o Ir\u00e3o tem sido \u00ednfima, em compara\u00e7\u00e3o com os recursos dos norte-americanos no<\/p>\n","protected":false},"author":5,"featured_media":0,"comment_status":"open","ping_status":"","sticky":false,"template":"","format":"standard","meta":{"footnotes":""},"categories":[19],"tags":[],"class_list":["post-1194916","post","type-post","status-publish","format-standard","hentry","category-madeira-island-news","infinite-scroll-item","masonry-post","generate-columns","tablet-grid-50","mobile-grid-100","grid-parent","grid-33"],"_links":{"self":[{"href":"https:\/\/madeiraisland.news\/index.php?rest_route=\/wp\/v2\/posts\/1194916","targetHints":{"allow":["GET"]}}],"collection":[{"href":"https:\/\/madeiraisland.news\/index.php?rest_route=\/wp\/v2\/posts"}],"about":[{"href":"https:\/\/madeiraisland.news\/index.php?rest_route=\/wp\/v2\/types\/post"}],"author":[{"embeddable":true,"href":"https:\/\/madeiraisland.news\/index.php?rest_route=\/wp\/v2\/users\/5"}],"replies":[{"embeddable":true,"href":"https:\/\/madeiraisland.news\/index.php?rest_route=%2Fwp%2Fv2%2Fcomments&post=1194916"}],"version-history":[{"count":2,"href":"https:\/\/madeiraisland.news\/index.php?rest_route=\/wp\/v2\/posts\/1194916\/revisions"}],"predecessor-version":[{"id":1194918,"href":"https:\/\/madeiraisland.news\/index.php?rest_route=\/wp\/v2\/posts\/1194916\/revisions\/1194918"}],"wp:attachment":[{"href":"https:\/\/madeiraisland.news\/index.php?rest_route=%2Fwp%2Fv2%2Fmedia&parent=1194916"}],"wp:term":[{"taxonomy":"category","embeddable":true,"href":"https:\/\/madeiraisland.news\/index.php?rest_route=%2Fwp%2Fv2%2Fcategories&post=1194916"},{"taxonomy":"post_tag","embeddable":true,"href":"https:\/\/madeiraisland.news\/index.php?rest_route=%2Fwp%2Fv2%2Ftags&post=1194916"}],"curies":[{"name":"wp","href":"https:\/\/api.w.org\/{rel}","templated":true}]}}