{"id":1194913,"date":"2026-04-29T22:04:00","date_gmt":"2026-04-29T22:04:00","guid":{"rendered":"https:\/\/madeiraisland.news\/?p=1194913"},"modified":"2026-04-29T22:26:11","modified_gmt":"2026-04-29T22:26:11","slug":"ministro-da-defesa-quer-reforco-da-europa-na-nato-mas-eua-sao-aliado-fundamental","status":"publish","type":"post","link":"https:\/\/madeiraisland.news\/?p=1194913","title":{"rendered":"Ministro da Defesa quer refor\u00e7o da Europa na NATO mas EUA s\u00e3o &#8220;aliado fundamental&#8221;"},"content":{"rendered":"<p>O ministro da Defesa Nacional, Nuno Melo, reconheceu hoje que &#8220;n\u00e3o h\u00e1 NATO sem Estados Unidos&#8221;, que s\u00e3o um &#8220;aliado fundamental&#8221;, mas defendeu ser necess\u00e1rio &#8220;refor\u00e7ar o pilar europeu de defesa&#8221; da organiza\u00e7\u00e3o.<br \/>\n&#8220;Os Estados Unidos [da Am\u00e9rica] s\u00e3o um aliado fundamental da NATO. Em boa verdade, n\u00e3o h\u00e1 NATO sem Estados Unidos&#8221;, disse o governante, em declara\u00e7\u00f5es aos jornalistas em Beja, hoje \u00e0 noite, \u00e0 margem de uma visita \u00e0 feira agropecu\u00e1ria Ovibeja.<br \/>\nContudo, na Organiza\u00e7\u00e3o do Tratado do Atl\u00e2ntico<\/p>\n","protected":false},"excerpt":{"rendered":"<p>O ministro da Defesa Nacional, Nuno Melo, reconheceu hoje que &#8220;n\u00e3o h\u00e1 NATO sem Estados Unidos&#8221;, que s\u00e3o um &#8220;aliado fundamental&#8221;, mas defendeu ser necess\u00e1rio &#8220;refor\u00e7ar o pilar europeu de defesa&#8221; da organiza\u00e7\u00e3o. &#8220;Os Estados<\/p>\n","protected":false},"author":5,"featured_media":0,"comment_status":"open","ping_status":"","sticky":false,"template":"","format":"standard","meta":{"footnotes":""},"categories":[19],"tags":[],"class_list":["post-1194913","post","type-post","status-publish","format-standard","hentry","category-madeira-island-news","infinite-scroll-item","masonry-post","generate-columns","tablet-grid-50","mobile-grid-100","grid-parent","grid-33"],"_links":{"self":[{"href":"https:\/\/madeiraisland.news\/index.php?rest_route=\/wp\/v2\/posts\/1194913","targetHints":{"allow":["GET"]}}],"collection":[{"href":"https:\/\/madeiraisland.news\/index.php?rest_route=\/wp\/v2\/posts"}],"about":[{"href":"https:\/\/madeiraisland.news\/index.php?rest_route=\/wp\/v2\/types\/post"}],"author":[{"embeddable":true,"href":"https:\/\/madeiraisland.news\/index.php?rest_route=\/wp\/v2\/users\/5"}],"replies":[{"embeddable":true,"href":"https:\/\/madeiraisland.news\/index.php?rest_route=%2Fwp%2Fv2%2Fcomments&post=1194913"}],"version-history":[{"count":2,"href":"https:\/\/madeiraisland.news\/index.php?rest_route=\/wp\/v2\/posts\/1194913\/revisions"}],"predecessor-version":[{"id":1194915,"href":"https:\/\/madeiraisland.news\/index.php?rest_route=\/wp\/v2\/posts\/1194913\/revisions\/1194915"}],"wp:attachment":[{"href":"https:\/\/madeiraisland.news\/index.php?rest_route=%2Fwp%2Fv2%2Fmedia&parent=1194913"}],"wp:term":[{"taxonomy":"category","embeddable":true,"href":"https:\/\/madeiraisland.news\/index.php?rest_route=%2Fwp%2Fv2%2Fcategories&post=1194913"},{"taxonomy":"post_tag","embeddable":true,"href":"https:\/\/madeiraisland.news\/index.php?rest_route=%2Fwp%2Fv2%2Ftags&post=1194913"}],"curies":[{"name":"wp","href":"https:\/\/api.w.org\/{rel}","templated":true}]}}