{"id":1194910,"date":"2026-04-29T22:05:30","date_gmt":"2026-04-29T22:05:30","guid":{"rendered":"https:\/\/madeiraisland.news\/?p=1194910"},"modified":"2026-04-29T22:26:11","modified_gmt":"2026-04-29T22:26:11","slug":"bolieiro-espera-que-revisao-da-lei-das-financas-regionais-seja-feita-com-justica-para-os-acores","status":"publish","type":"post","link":"https:\/\/madeiraisland.news\/?p=1194910","title":{"rendered":"Bolieiro espera que revis\u00e3o da Lei das Finan\u00e7as Regionais seja feita com &#8220;justi\u00e7a&#8221; para os A\u00e7ores"},"content":{"rendered":"<p>O l\u00edder do Governo a\u00e7oriano espera que a revis\u00e3o da Lei das Finan\u00e7as Regionais, que hoje o primeiro-ministro admitiu que &#8220;muito dificilmente&#8221; estar\u00e1 contemplada no Or\u00e7amento do Estado de 2027, seja feita com &#8220;justi\u00e7a para os A\u00e7ores&#8221;.<br \/>\nO primeiro-ministro, Lu\u00eds Montenegro, afirmou hoje no parlamento que &#8220;muito dificilmente, para n\u00e3o dizer que n\u00e3o ser\u00e1 mesmo poss\u00edvel&#8221;, ter a revis\u00e3o da Lei das Finan\u00e7as Regionais j\u00e1 contemplada no pr\u00f3ximo Or\u00e7amento do Estado de 2027.<br \/>\nEm resposta ao deputado \u00fanico do<\/p>\n","protected":false},"excerpt":{"rendered":"<p>O l\u00edder do Governo a\u00e7oriano espera que a revis\u00e3o da Lei das Finan\u00e7as Regionais, que hoje o primeiro-ministro admitiu que &#8220;muito dificilmente&#8221; estar\u00e1 contemplada no Or\u00e7amento do Estado de 2027, seja feita com &#8220;justi\u00e7a para<\/p>\n","protected":false},"author":5,"featured_media":0,"comment_status":"open","ping_status":"","sticky":false,"template":"","format":"standard","meta":{"footnotes":""},"categories":[19],"tags":[],"class_list":["post-1194910","post","type-post","status-publish","format-standard","hentry","category-madeira-island-news","infinite-scroll-item","masonry-post","generate-columns","tablet-grid-50","mobile-grid-100","grid-parent","grid-33"],"_links":{"self":[{"href":"https:\/\/madeiraisland.news\/index.php?rest_route=\/wp\/v2\/posts\/1194910","targetHints":{"allow":["GET"]}}],"collection":[{"href":"https:\/\/madeiraisland.news\/index.php?rest_route=\/wp\/v2\/posts"}],"about":[{"href":"https:\/\/madeiraisland.news\/index.php?rest_route=\/wp\/v2\/types\/post"}],"author":[{"embeddable":true,"href":"https:\/\/madeiraisland.news\/index.php?rest_route=\/wp\/v2\/users\/5"}],"replies":[{"embeddable":true,"href":"https:\/\/madeiraisland.news\/index.php?rest_route=%2Fwp%2Fv2%2Fcomments&post=1194910"}],"version-history":[{"count":2,"href":"https:\/\/madeiraisland.news\/index.php?rest_route=\/wp\/v2\/posts\/1194910\/revisions"}],"predecessor-version":[{"id":1194912,"href":"https:\/\/madeiraisland.news\/index.php?rest_route=\/wp\/v2\/posts\/1194910\/revisions\/1194912"}],"wp:attachment":[{"href":"https:\/\/madeiraisland.news\/index.php?rest_route=%2Fwp%2Fv2%2Fmedia&parent=1194910"}],"wp:term":[{"taxonomy":"category","embeddable":true,"href":"https:\/\/madeiraisland.news\/index.php?rest_route=%2Fwp%2Fv2%2Fcategories&post=1194910"},{"taxonomy":"post_tag","embeddable":true,"href":"https:\/\/madeiraisland.news\/index.php?rest_route=%2Fwp%2Fv2%2Ftags&post=1194910"}],"curies":[{"name":"wp","href":"https:\/\/api.w.org\/{rel}","templated":true}]}}