{"id":1194907,"date":"2026-04-29T22:07:15","date_gmt":"2026-04-29T22:07:15","guid":{"rendered":"https:\/\/madeiraisland.news\/?p=1194907"},"modified":"2026-04-29T22:26:11","modified_gmt":"2026-04-29T22:26:11","slug":"ministra-do-trabalho-diz-que-revisao-laboral-e-uma-das-tres-reformas-essenciais-do-governo","status":"publish","type":"post","link":"https:\/\/madeiraisland.news\/?p=1194907","title":{"rendered":"Ministra do Trabalho diz que revis\u00e3o laboral \u00e9 uma das tr\u00eas reformas essenciais do Governo"},"content":{"rendered":"<p>O Governo acredita que a reforma laboral, a par da reforma do Estado e da reforma fiscal, \u00e9 essencial para &#8220;convergir com a Europa aumentando a competitividade da economia e a produtividade das empresas&#8221;, disse hoje a ministra do Trabalho.<br \/>\nFalando no jantar comemorativo dos 50 anos da Confedera\u00e7\u00e3o do Com\u00e9rcio e Servi\u00e7os de Portugal (CCP), Ros\u00e1rio Palma Ramalho afirmou que as empresas n\u00e3o conseguem &#8220;pagar aos trabalhadores os sal\u00e1rios que eles merecem&#8221; se a reforma da legisla\u00e7\u00e3o laboral n\u00e3o for <\/p>\n","protected":false},"excerpt":{"rendered":"<p>O Governo acredita que a reforma laboral, a par da reforma do Estado e da reforma fiscal, \u00e9 essencial para &#8220;convergir com a Europa aumentando a competitividade da economia e a produtividade das empresas&#8221;, disse<\/p>\n","protected":false},"author":5,"featured_media":0,"comment_status":"open","ping_status":"","sticky":false,"template":"","format":"standard","meta":{"footnotes":""},"categories":[19],"tags":[],"class_list":["post-1194907","post","type-post","status-publish","format-standard","hentry","category-madeira-island-news","infinite-scroll-item","masonry-post","generate-columns","tablet-grid-50","mobile-grid-100","grid-parent","grid-33"],"_links":{"self":[{"href":"https:\/\/madeiraisland.news\/index.php?rest_route=\/wp\/v2\/posts\/1194907","targetHints":{"allow":["GET"]}}],"collection":[{"href":"https:\/\/madeiraisland.news\/index.php?rest_route=\/wp\/v2\/posts"}],"about":[{"href":"https:\/\/madeiraisland.news\/index.php?rest_route=\/wp\/v2\/types\/post"}],"author":[{"embeddable":true,"href":"https:\/\/madeiraisland.news\/index.php?rest_route=\/wp\/v2\/users\/5"}],"replies":[{"embeddable":true,"href":"https:\/\/madeiraisland.news\/index.php?rest_route=%2Fwp%2Fv2%2Fcomments&post=1194907"}],"version-history":[{"count":2,"href":"https:\/\/madeiraisland.news\/index.php?rest_route=\/wp\/v2\/posts\/1194907\/revisions"}],"predecessor-version":[{"id":1194909,"href":"https:\/\/madeiraisland.news\/index.php?rest_route=\/wp\/v2\/posts\/1194907\/revisions\/1194909"}],"wp:attachment":[{"href":"https:\/\/madeiraisland.news\/index.php?rest_route=%2Fwp%2Fv2%2Fmedia&parent=1194907"}],"wp:term":[{"taxonomy":"category","embeddable":true,"href":"https:\/\/madeiraisland.news\/index.php?rest_route=%2Fwp%2Fv2%2Fcategories&post=1194907"},{"taxonomy":"post_tag","embeddable":true,"href":"https:\/\/madeiraisland.news\/index.php?rest_route=%2Fwp%2Fv2%2Ftags&post=1194907"}],"curies":[{"name":"wp","href":"https:\/\/api.w.org\/{rel}","templated":true}]}}