{"id":1194902,"date":"2026-04-29T21:45:03","date_gmt":"2026-04-29T21:45:03","guid":{"rendered":"https:\/\/madeiraisland.news\/?p=1194902"},"modified":"2026-04-29T21:49:44","modified_gmt":"2026-04-29T21:49:44","slug":"tentativa-de-furto-acaba-em-agressao-no-centro-do-funchal","status":"publish","type":"post","link":"https:\/\/madeiraisland.news\/?p=1194902","title":{"rendered":"Tentativa de furto acaba em agress\u00e3o no centro do Funchal"},"content":{"rendered":"<p>Dois ind\u00edviduos do sexo masculino, um deles estrangeiro, entraram em confronto, esta noite, ap\u00f3s uma tentativa de roubo, na Rua do Ribeirinho de Baixo, junto ao Centro Comercial Anadia. Pelo menos um dos envolvidos aparentava estar embriagado.\u00a0<br \/>\nO homem que diz ter sido abordado por um cidad\u00e3o estrangeiro, residente na Regi\u00e3o, na tentativa de lhe subtrair algum valor em dinheiro, acabou por agredir o suposto assaltanto, causando-lhe alguns ferimentos que obrigaram ao socorro por parte dos Bombeir<\/p>\n","protected":false},"excerpt":{"rendered":"<p>Dois ind\u00edviduos do sexo masculino, um deles estrangeiro, entraram em confronto, esta noite, ap\u00f3s uma tentativa de roubo, na Rua &#8230; <\/p>\n<p class=\"read-more-container\"><a title=\"Tentativa de furto acaba em agress\u00e3o no centro do Funchal\" class=\"read-more button\" href=\"https:\/\/madeiraisland.news\/?p=1194902#more-1194902\" aria-label=\"Read more about Tentativa de furto acaba em agress\u00e3o no centro do Funchal\">Read more<\/a><\/p>\n","protected":false},"author":10,"featured_media":0,"comment_status":"open","ping_status":"","sticky":false,"template":"","format":"standard","meta":{"footnotes":""},"categories":[19],"tags":[],"class_list":["post-1194902","post","type-post","status-publish","format-standard","hentry","category-madeira-island-news","infinite-scroll-item","masonry-post","generate-columns","tablet-grid-50","mobile-grid-100","grid-parent","grid-33"],"_links":{"self":[{"href":"https:\/\/madeiraisland.news\/index.php?rest_route=\/wp\/v2\/posts\/1194902","targetHints":{"allow":["GET"]}}],"collection":[{"href":"https:\/\/madeiraisland.news\/index.php?rest_route=\/wp\/v2\/posts"}],"about":[{"href":"https:\/\/madeiraisland.news\/index.php?rest_route=\/wp\/v2\/types\/post"}],"author":[{"embeddable":true,"href":"https:\/\/madeiraisland.news\/index.php?rest_route=\/wp\/v2\/users\/10"}],"replies":[{"embeddable":true,"href":"https:\/\/madeiraisland.news\/index.php?rest_route=%2Fwp%2Fv2%2Fcomments&post=1194902"}],"version-history":[{"count":1,"href":"https:\/\/madeiraisland.news\/index.php?rest_route=\/wp\/v2\/posts\/1194902\/revisions"}],"predecessor-version":[{"id":1194903,"href":"https:\/\/madeiraisland.news\/index.php?rest_route=\/wp\/v2\/posts\/1194902\/revisions\/1194903"}],"wp:attachment":[{"href":"https:\/\/madeiraisland.news\/index.php?rest_route=%2Fwp%2Fv2%2Fmedia&parent=1194902"}],"wp:term":[{"taxonomy":"category","embeddable":true,"href":"https:\/\/madeiraisland.news\/index.php?rest_route=%2Fwp%2Fv2%2Fcategories&post=1194902"},{"taxonomy":"post_tag","embeddable":true,"href":"https:\/\/madeiraisland.news\/index.php?rest_route=%2Fwp%2Fv2%2Ftags&post=1194902"}],"curies":[{"name":"wp","href":"https:\/\/api.w.org\/{rel}","templated":true}]}}