{"id":1194899,"date":"2026-04-29T21:15:21","date_gmt":"2026-04-29T21:15:21","guid":{"rendered":"https:\/\/madeiraisland.news\/?p=1194899"},"modified":"2026-04-29T21:27:53","modified_gmt":"2026-04-29T21:27:53","slug":"governo-dos-acores-procura-solucoes-minimizadoras-dos-danos-da-saida-da-ryanair","status":"publish","type":"post","link":"https:\/\/madeiraisland.news\/?p=1194899","title":{"rendered":"Governo dos A\u00e7ores procura &#8220;solu\u00e7\u00f5es minimizadoras&#8221; dos danos da sa\u00edda da Ryanair"},"content":{"rendered":"<p>A sa\u00edda da companhia a\u00e9rea Ryanair dos A\u00e7ores tem consequ\u00eancias para a regi\u00e3o e o presidente do Governo Regional (PSD\/CDS-PP\/PPM), Jos\u00e9 Manuel Bolieiro, prometeu hoje fazer &#8220;press\u00e3o&#8221; para que se encontrem &#8220;solu\u00e7\u00f5es minimizadoras&#8221; dos danos.<br \/>\nA companhia a\u00e9rea de baixo custo Ryanair abandonou a opera\u00e7\u00e3o nos A\u00e7ores a 29 de mar\u00e7o devido \u00e0s &#8220;elevadas taxas aeroportu\u00e1rias&#8221; e \u00e0 &#8220;ina\u00e7\u00e3o&#8221; do Governo portugu\u00eas.<br \/>\nQuestionado hoje pela ag\u00eancia Lusa, na Ribeira Grande, na ilha de S\u00e3o Miguel, \u00e0 margem da sess\u00e3<\/p>\n","protected":false},"excerpt":{"rendered":"<p>A sa\u00edda da companhia a\u00e9rea Ryanair dos A\u00e7ores tem consequ\u00eancias para a regi\u00e3o e o presidente do Governo Regional (PSD\/CDS-PP\/PPM), Jos\u00e9 Manuel Bolieiro, prometeu hoje fazer &#8220;press\u00e3o&#8221; para que se encontrem &#8220;solu\u00e7\u00f5es minimizadoras&#8221; dos danos.<\/p>\n","protected":false},"author":5,"featured_media":0,"comment_status":"open","ping_status":"","sticky":false,"template":"","format":"standard","meta":{"footnotes":""},"categories":[19],"tags":[],"class_list":["post-1194899","post","type-post","status-publish","format-standard","hentry","category-madeira-island-news","infinite-scroll-item","masonry-post","generate-columns","tablet-grid-50","mobile-grid-100","grid-parent","grid-33"],"_links":{"self":[{"href":"https:\/\/madeiraisland.news\/index.php?rest_route=\/wp\/v2\/posts\/1194899","targetHints":{"allow":["GET"]}}],"collection":[{"href":"https:\/\/madeiraisland.news\/index.php?rest_route=\/wp\/v2\/posts"}],"about":[{"href":"https:\/\/madeiraisland.news\/index.php?rest_route=\/wp\/v2\/types\/post"}],"author":[{"embeddable":true,"href":"https:\/\/madeiraisland.news\/index.php?rest_route=\/wp\/v2\/users\/5"}],"replies":[{"embeddable":true,"href":"https:\/\/madeiraisland.news\/index.php?rest_route=%2Fwp%2Fv2%2Fcomments&post=1194899"}],"version-history":[{"count":2,"href":"https:\/\/madeiraisland.news\/index.php?rest_route=\/wp\/v2\/posts\/1194899\/revisions"}],"predecessor-version":[{"id":1194901,"href":"https:\/\/madeiraisland.news\/index.php?rest_route=\/wp\/v2\/posts\/1194899\/revisions\/1194901"}],"wp:attachment":[{"href":"https:\/\/madeiraisland.news\/index.php?rest_route=%2Fwp%2Fv2%2Fmedia&parent=1194899"}],"wp:term":[{"taxonomy":"category","embeddable":true,"href":"https:\/\/madeiraisland.news\/index.php?rest_route=%2Fwp%2Fv2%2Fcategories&post=1194899"},{"taxonomy":"post_tag","embeddable":true,"href":"https:\/\/madeiraisland.news\/index.php?rest_route=%2Fwp%2Fv2%2Ftags&post=1194899"}],"curies":[{"name":"wp","href":"https:\/\/api.w.org\/{rel}","templated":true}]}}