{"id":1194895,"date":"2026-04-29T21:23:17","date_gmt":"2026-04-29T21:23:17","guid":{"rendered":"https:\/\/madeiraisland.news\/?p=1194895"},"modified":"2026-04-29T21:27:52","modified_gmt":"2026-04-29T21:27:52","slug":"personagens-de-amor-de-perdicao-levam-camilo-a-tribunal-em-palco-escolar","status":"publish","type":"post","link":"https:\/\/madeiraisland.news\/?p=1194895","title":{"rendered":"Personagens de\u00a0Amor de Perdi\u00e7\u00e3o\u00a0levam Camilo a tribunal em palco escolar"},"content":{"rendered":"<p>Numa abordagem original e provocadora \u00e0 obra de\u00a0Camilo Castelo Branco, as ic\u00f3nicas personagens de\u00a0Amor de Perdi\u00e7\u00e3o sobem ao palco para ajustar contas com o seu criador. Camilo confessa!, pe\u00e7a apresentada pela associa\u00e7\u00e3o Palco Vazio, integrou o programa da XXVII Semana dos Clubes e Projetos da Escola Secund\u00e1ria Jaime Moniz, tendo sido levada \u00e0 cena hoje, [\u2026]<\/p>\n","protected":false},"excerpt":{"rendered":"<p>Numa abordagem original e provocadora \u00e0 obra de\u00a0Camilo Castelo Branco, as ic\u00f3nicas personagens de\u00a0Amor de Perdi\u00e7\u00e3o sobem ao palco para &#8230; <\/p>\n<p class=\"read-more-container\"><a title=\"Personagens de\u00a0Amor de Perdi\u00e7\u00e3o\u00a0levam Camilo a tribunal em palco escolar\" class=\"read-more button\" href=\"https:\/\/madeiraisland.news\/?p=1194895#more-1194895\" aria-label=\"Read more about Personagens de\u00a0Amor de Perdi\u00e7\u00e3o\u00a0levam Camilo a tribunal em palco escolar\">Read more<\/a><\/p>\n","protected":false},"author":282,"featured_media":0,"comment_status":"open","ping_status":"","sticky":false,"template":"","format":"standard","meta":{"footnotes":""},"categories":[19],"tags":[],"class_list":["post-1194895","post","type-post","status-publish","format-standard","hentry","category-madeira-island-news","infinite-scroll-item","masonry-post","generate-columns","tablet-grid-50","mobile-grid-100","grid-parent","grid-33"],"_links":{"self":[{"href":"https:\/\/madeiraisland.news\/index.php?rest_route=\/wp\/v2\/posts\/1194895","targetHints":{"allow":["GET"]}}],"collection":[{"href":"https:\/\/madeiraisland.news\/index.php?rest_route=\/wp\/v2\/posts"}],"about":[{"href":"https:\/\/madeiraisland.news\/index.php?rest_route=\/wp\/v2\/types\/post"}],"author":[{"embeddable":true,"href":"https:\/\/madeiraisland.news\/index.php?rest_route=\/wp\/v2\/users\/282"}],"replies":[{"embeddable":true,"href":"https:\/\/madeiraisland.news\/index.php?rest_route=%2Fwp%2Fv2%2Fcomments&post=1194895"}],"version-history":[{"count":1,"href":"https:\/\/madeiraisland.news\/index.php?rest_route=\/wp\/v2\/posts\/1194895\/revisions"}],"predecessor-version":[{"id":1194896,"href":"https:\/\/madeiraisland.news\/index.php?rest_route=\/wp\/v2\/posts\/1194895\/revisions\/1194896"}],"wp:attachment":[{"href":"https:\/\/madeiraisland.news\/index.php?rest_route=%2Fwp%2Fv2%2Fmedia&parent=1194895"}],"wp:term":[{"taxonomy":"category","embeddable":true,"href":"https:\/\/madeiraisland.news\/index.php?rest_route=%2Fwp%2Fv2%2Fcategories&post=1194895"},{"taxonomy":"post_tag","embeddable":true,"href":"https:\/\/madeiraisland.news\/index.php?rest_route=%2Fwp%2Fv2%2Ftags&post=1194895"}],"curies":[{"name":"wp","href":"https:\/\/api.w.org\/{rel}","templated":true}]}}