{"id":1194892,"date":"2026-04-29T20:02:54","date_gmt":"2026-04-29T20:02:54","guid":{"rendered":"https:\/\/madeiraisland.news\/?p=1194892"},"modified":"2026-04-29T20:27:08","modified_gmt":"2026-04-29T20:27:08","slug":"ptrr-para-os-acores-inclui-ligeiras-diferencas-entre-nota-de-conceito-e-plano","status":"publish","type":"post","link":"https:\/\/madeiraisland.news\/?p=1194892","title":{"rendered":"PTRR para os A\u00e7ores inclui &#8220;ligeiras diferen\u00e7as&#8221; entre nota de conceito e plano"},"content":{"rendered":"<p>O presidente do Governo Regional dos A\u00e7ores (PSD\/CDS-PP\/PPM) considerou hoje que o programa &#8220;Portugal Transforma\u00e7\u00e3o, Recupera\u00e7\u00e3o e Resili\u00eancia&#8221; (PTRR), apresentado na ter\u00e7a-feira pelo primeiro-ministro, inclui &#8220;ligeiras diferen\u00e7as&#8221; entre a nota de conceito e o documento final.<br \/>\nJos\u00e9 Manuel Bolieiro disse hoje que &#8220;ainda \u00e9 cedo&#8221; para poder &#8220;detalhar aquilo que efetivamente est\u00e1 concretizado&#8221; no plano do PTRR, mas disse que notou &#8220;ligeiras diferen\u00e7as&#8221; no documento que foi apresentado e aprovado na <\/p>\n","protected":false},"excerpt":{"rendered":"<p>O presidente do Governo Regional dos A\u00e7ores (PSD\/CDS-PP\/PPM) considerou hoje que o programa &#8220;Portugal Transforma\u00e7\u00e3o, Recupera\u00e7\u00e3o e Resili\u00eancia&#8221; (PTRR), apresentado na ter\u00e7a-feira pelo primeiro-ministro, inclui &#8220;ligeiras diferen\u00e7as&#8221; entre a nota de conceito e o documento<\/p>\n","protected":false},"author":5,"featured_media":0,"comment_status":"open","ping_status":"","sticky":false,"template":"","format":"standard","meta":{"footnotes":""},"categories":[19],"tags":[],"class_list":["post-1194892","post","type-post","status-publish","format-standard","hentry","category-madeira-island-news","infinite-scroll-item","masonry-post","generate-columns","tablet-grid-50","mobile-grid-100","grid-parent","grid-33"],"_links":{"self":[{"href":"https:\/\/madeiraisland.news\/index.php?rest_route=\/wp\/v2\/posts\/1194892","targetHints":{"allow":["GET"]}}],"collection":[{"href":"https:\/\/madeiraisland.news\/index.php?rest_route=\/wp\/v2\/posts"}],"about":[{"href":"https:\/\/madeiraisland.news\/index.php?rest_route=\/wp\/v2\/types\/post"}],"author":[{"embeddable":true,"href":"https:\/\/madeiraisland.news\/index.php?rest_route=\/wp\/v2\/users\/5"}],"replies":[{"embeddable":true,"href":"https:\/\/madeiraisland.news\/index.php?rest_route=%2Fwp%2Fv2%2Fcomments&post=1194892"}],"version-history":[{"count":2,"href":"https:\/\/madeiraisland.news\/index.php?rest_route=\/wp\/v2\/posts\/1194892\/revisions"}],"predecessor-version":[{"id":1194894,"href":"https:\/\/madeiraisland.news\/index.php?rest_route=\/wp\/v2\/posts\/1194892\/revisions\/1194894"}],"wp:attachment":[{"href":"https:\/\/madeiraisland.news\/index.php?rest_route=%2Fwp%2Fv2%2Fmedia&parent=1194892"}],"wp:term":[{"taxonomy":"category","embeddable":true,"href":"https:\/\/madeiraisland.news\/index.php?rest_route=%2Fwp%2Fv2%2Fcategories&post=1194892"},{"taxonomy":"post_tag","embeddable":true,"href":"https:\/\/madeiraisland.news\/index.php?rest_route=%2Fwp%2Fv2%2Ftags&post=1194892"}],"curies":[{"name":"wp","href":"https:\/\/api.w.org\/{rel}","templated":true}]}}