{"id":1194851,"date":"2026-04-29T15:40:50","date_gmt":"2026-04-29T15:40:50","guid":{"rendered":"https:\/\/madeiraisland.news\/?p=1194851"},"modified":"2026-04-29T15:48:33","modified_gmt":"2026-04-29T15:48:33","slug":"antonio-costa-diz-que-europa-nao-aceita-unilateralismos-disruptivos-dos-eua","status":"publish","type":"post","link":"https:\/\/madeiraisland.news\/?p=1194851","title":{"rendered":"Ant\u00f3nio Costa diz que Europa n\u00e3o aceita unilateralismos disruptivos dos EUA"},"content":{"rendered":"<p>O presidente do Conselho Europeu afirmou hoje que os europeus s\u00e3o &#8220;pragm\u00e1ticos&#8221; e aceitam que os Estados Unidos (EUA) tenham novas prioridades estrat\u00e9gicas, mas frisou que a Uni\u00e3o Europeia (UE) n\u00e3o aceita &#8220;unilateralismos disruptivos nem viola\u00e7\u00f5es \u00e0 ordem internacional&#8221;.<br \/>\nAnt\u00f3nio Costa discursava, atrav\u00e9s de um v\u00eddeo, na parte final dos trabalhos da confer\u00eancia &#8220;Rela\u00e7\u00e3o Atl\u00e2ntica e Futuro da Europa&#8221;, organizado pelo Foro La Toja, que decorreu hoje na Funda\u00e7\u00e3o Calouste Gulbenkian, em Lisboa, na pr<\/p>\n","protected":false},"excerpt":{"rendered":"<p>O presidente do Conselho Europeu afirmou hoje que os europeus s\u00e3o &#8220;pragm\u00e1ticos&#8221; e aceitam que os Estados Unidos (EUA) tenham novas prioridades estrat\u00e9gicas, mas frisou que a Uni\u00e3o Europeia (UE) n\u00e3o aceita &#8220;unilateralismos disruptivos nem<\/p>\n","protected":false},"author":5,"featured_media":0,"comment_status":"open","ping_status":"","sticky":false,"template":"","format":"standard","meta":{"footnotes":""},"categories":[19],"tags":[],"class_list":["post-1194851","post","type-post","status-publish","format-standard","hentry","category-madeira-island-news","infinite-scroll-item","masonry-post","generate-columns","tablet-grid-50","mobile-grid-100","grid-parent","grid-33"],"_links":{"self":[{"href":"https:\/\/madeiraisland.news\/index.php?rest_route=\/wp\/v2\/posts\/1194851","targetHints":{"allow":["GET"]}}],"collection":[{"href":"https:\/\/madeiraisland.news\/index.php?rest_route=\/wp\/v2\/posts"}],"about":[{"href":"https:\/\/madeiraisland.news\/index.php?rest_route=\/wp\/v2\/types\/post"}],"author":[{"embeddable":true,"href":"https:\/\/madeiraisland.news\/index.php?rest_route=\/wp\/v2\/users\/5"}],"replies":[{"embeddable":true,"href":"https:\/\/madeiraisland.news\/index.php?rest_route=%2Fwp%2Fv2%2Fcomments&post=1194851"}],"version-history":[{"count":2,"href":"https:\/\/madeiraisland.news\/index.php?rest_route=\/wp\/v2\/posts\/1194851\/revisions"}],"predecessor-version":[{"id":1194853,"href":"https:\/\/madeiraisland.news\/index.php?rest_route=\/wp\/v2\/posts\/1194851\/revisions\/1194853"}],"wp:attachment":[{"href":"https:\/\/madeiraisland.news\/index.php?rest_route=%2Fwp%2Fv2%2Fmedia&parent=1194851"}],"wp:term":[{"taxonomy":"category","embeddable":true,"href":"https:\/\/madeiraisland.news\/index.php?rest_route=%2Fwp%2Fv2%2Fcategories&post=1194851"},{"taxonomy":"post_tag","embeddable":true,"href":"https:\/\/madeiraisland.news\/index.php?rest_route=%2Fwp%2Fv2%2Ftags&post=1194851"}],"curies":[{"name":"wp","href":"https:\/\/api.w.org\/{rel}","templated":true}]}}