{"id":1194844,"date":"2026-04-29T15:13:18","date_gmt":"2026-04-29T15:13:18","guid":{"rendered":"https:\/\/madeiraisland.news\/?p=1194844"},"modified":"2026-04-29T15:15:02","modified_gmt":"2026-04-29T15:15:02","slug":"pcp-apela-a-mobilizacao-para-manifestacao-do-1o-de-maio","status":"publish","type":"post","link":"https:\/\/madeiraisland.news\/?p=1194844","title":{"rendered":"PCP apela \u00e0 mobiliza\u00e7\u00e3o para manifesta\u00e7\u00e3o do 1\u00ba de Maio"},"content":{"rendered":"<p>O PCP associa-se \u00e0 manifesta\u00e7\u00e3o promovida pelo movimento sindical unit\u00e1rio no pr\u00f3ximo\u00a01.\u00ba de Maio, Dia do Trabalhador, no Funchal, e apela \u00e0 participa\u00e7\u00e3o ativa dos trabalhadores da Regi\u00e3o, refere numa nota de imprensa. \u201cNeste Dia do Trabalhador, \u00e9 essencial afirmar de forma clara a rejei\u00e7\u00e3o do \u201cPacote Laboral\u201d que o Governo da Rep\u00fablica,\u00a0\u00a0em conluio\u00a0 com [\u2026]<\/p>\n","protected":false},"excerpt":{"rendered":"<p>O PCP associa-se \u00e0 manifesta\u00e7\u00e3o promovida pelo movimento sindical unit\u00e1rio no pr\u00f3ximo\u00a01.\u00ba de Maio, Dia do Trabalhador, no Funchal, e &#8230; <\/p>\n<p class=\"read-more-container\"><a title=\"PCP apela \u00e0 mobiliza\u00e7\u00e3o para manifesta\u00e7\u00e3o do 1\u00ba de Maio\" class=\"read-more button\" href=\"https:\/\/madeiraisland.news\/?p=1194844#more-1194844\" aria-label=\"Read more about PCP apela \u00e0 mobiliza\u00e7\u00e3o para manifesta\u00e7\u00e3o do 1\u00ba de Maio\">Read more<\/a><\/p>\n","protected":false},"author":258,"featured_media":0,"comment_status":"open","ping_status":"","sticky":false,"template":"","format":"standard","meta":{"footnotes":""},"categories":[19],"tags":[],"class_list":["post-1194844","post","type-post","status-publish","format-standard","hentry","category-madeira-island-news","infinite-scroll-item","masonry-post","generate-columns","tablet-grid-50","mobile-grid-100","grid-parent","grid-33"],"_links":{"self":[{"href":"https:\/\/madeiraisland.news\/index.php?rest_route=\/wp\/v2\/posts\/1194844","targetHints":{"allow":["GET"]}}],"collection":[{"href":"https:\/\/madeiraisland.news\/index.php?rest_route=\/wp\/v2\/posts"}],"about":[{"href":"https:\/\/madeiraisland.news\/index.php?rest_route=\/wp\/v2\/types\/post"}],"author":[{"embeddable":true,"href":"https:\/\/madeiraisland.news\/index.php?rest_route=\/wp\/v2\/users\/258"}],"replies":[{"embeddable":true,"href":"https:\/\/madeiraisland.news\/index.php?rest_route=%2Fwp%2Fv2%2Fcomments&post=1194844"}],"version-history":[{"count":1,"href":"https:\/\/madeiraisland.news\/index.php?rest_route=\/wp\/v2\/posts\/1194844\/revisions"}],"predecessor-version":[{"id":1194845,"href":"https:\/\/madeiraisland.news\/index.php?rest_route=\/wp\/v2\/posts\/1194844\/revisions\/1194845"}],"wp:attachment":[{"href":"https:\/\/madeiraisland.news\/index.php?rest_route=%2Fwp%2Fv2%2Fmedia&parent=1194844"}],"wp:term":[{"taxonomy":"category","embeddable":true,"href":"https:\/\/madeiraisland.news\/index.php?rest_route=%2Fwp%2Fv2%2Fcategories&post=1194844"},{"taxonomy":"post_tag","embeddable":true,"href":"https:\/\/madeiraisland.news\/index.php?rest_route=%2Fwp%2Fv2%2Ftags&post=1194844"}],"curies":[{"name":"wp","href":"https:\/\/api.w.org\/{rel}","templated":true}]}}