{"id":1194840,"date":"2026-04-29T14:29:45","date_gmt":"2026-04-29T14:29:45","guid":{"rendered":"https:\/\/madeiraisland.news\/?p=1194840"},"modified":"2026-04-29T14:52:21","modified_gmt":"2026-04-29T14:52:21","slug":"pequena-derrocada-junto-a-etar-da-calheta","status":"publish","type":"post","link":"https:\/\/madeiraisland.news\/?p=1194840","title":{"rendered":"Pequena derrocada junto \u00e0 ETAR da Calheta"},"content":{"rendered":"<p>Uma pequena derrocada ocorrida esta quarta-feira, 29 de Abril, na ribeira, junto \u00e0 ETAR da Calheta, provocou o arrastamento de terras e sedimentos ao longo do leito da ribeira, alterando temporariamente a cor da \u00e1gua do mar na zona costeira, avan\u00e7ou a C\u00e2mara Municipal da Calheta, atrav\u00e9s de uma publica\u00e7\u00e3o nas redes sociais.\u00a0<br \/>\nOs sedimentos acabaram por desaguar no mar, originando uma mudan\u00e7a pontual na tonalidade da \u00e1gua.<br \/>\n&#8220;Trata-se de uma situa\u00e7\u00e3o natural e tempor\u00e1ria, associada \u00e0 movimenta\u00e7\u00e3o de<\/p>\n","protected":false},"excerpt":{"rendered":"<p>Uma pequena derrocada ocorrida esta quarta-feira, 29 de Abril, na ribeira, junto \u00e0 ETAR da Calheta, provocou o arrastamento de &#8230; <\/p>\n<p class=\"read-more-container\"><a title=\"Pequena derrocada junto \u00e0 ETAR da Calheta\" class=\"read-more button\" href=\"https:\/\/madeiraisland.news\/?p=1194840#more-1194840\" aria-label=\"Read more about Pequena derrocada junto \u00e0 ETAR da Calheta\">Read more<\/a><\/p>\n","protected":false},"author":20,"featured_media":0,"comment_status":"open","ping_status":"","sticky":false,"template":"","format":"standard","meta":{"footnotes":""},"categories":[19],"tags":[],"class_list":["post-1194840","post","type-post","status-publish","format-standard","hentry","category-madeira-island-news","infinite-scroll-item","masonry-post","generate-columns","tablet-grid-50","mobile-grid-100","grid-parent","grid-33"],"_links":{"self":[{"href":"https:\/\/madeiraisland.news\/index.php?rest_route=\/wp\/v2\/posts\/1194840","targetHints":{"allow":["GET"]}}],"collection":[{"href":"https:\/\/madeiraisland.news\/index.php?rest_route=\/wp\/v2\/posts"}],"about":[{"href":"https:\/\/madeiraisland.news\/index.php?rest_route=\/wp\/v2\/types\/post"}],"author":[{"embeddable":true,"href":"https:\/\/madeiraisland.news\/index.php?rest_route=\/wp\/v2\/users\/20"}],"replies":[{"embeddable":true,"href":"https:\/\/madeiraisland.news\/index.php?rest_route=%2Fwp%2Fv2%2Fcomments&post=1194840"}],"version-history":[{"count":1,"href":"https:\/\/madeiraisland.news\/index.php?rest_route=\/wp\/v2\/posts\/1194840\/revisions"}],"predecessor-version":[{"id":1194841,"href":"https:\/\/madeiraisland.news\/index.php?rest_route=\/wp\/v2\/posts\/1194840\/revisions\/1194841"}],"wp:attachment":[{"href":"https:\/\/madeiraisland.news\/index.php?rest_route=%2Fwp%2Fv2%2Fmedia&parent=1194840"}],"wp:term":[{"taxonomy":"category","embeddable":true,"href":"https:\/\/madeiraisland.news\/index.php?rest_route=%2Fwp%2Fv2%2Fcategories&post=1194840"},{"taxonomy":"post_tag","embeddable":true,"href":"https:\/\/madeiraisland.news\/index.php?rest_route=%2Fwp%2Fv2%2Ftags&post=1194840"}],"curies":[{"name":"wp","href":"https:\/\/api.w.org\/{rel}","templated":true}]}}