{"id":1194832,"date":"2026-04-29T14:15:00","date_gmt":"2026-04-29T14:15:00","guid":{"rendered":"https:\/\/madeiraisland.news\/?p=1194832"},"modified":"2026-04-29T14:23:42","modified_gmt":"2026-04-29T14:23:42","slug":"estepilha-passageiros-e-transeuntes-sem-espaco-de-passagem","status":"publish","type":"post","link":"https:\/\/madeiraisland.news\/?p=1194832","title":{"rendered":"Estepilha, passageiros e transeuntes sem espa\u00e7o de passagem"},"content":{"rendered":"<p>Rui Marote Chegamos \u00e0 conclus\u00e3o que h\u00e1 pessoas que s\u00e3o \u201ccegas\u201d ou os ir\u00f3nicos mas construtivos escritos do estepilha n\u00e3o servem para nada. H\u00e1 coisas que \u00e9 como \u201cmalhar em ferro frio\u201d. Ora, qual a nossa cr\u00edtica? A Avenida do Mar\u00a0 e das Comunidades Madeirenses ser\u00e1 palco de um dos maiores eventos da Regi\u00e3o, a [\u2026]<\/p>\n","protected":false},"excerpt":{"rendered":"<p>Rui Marote Chegamos \u00e0 conclus\u00e3o que h\u00e1 pessoas que s\u00e3o \u201ccegas\u201d ou os ir\u00f3nicos mas construtivos escritos do estepilha n\u00e3o &#8230; <\/p>\n<p class=\"read-more-container\"><a title=\"Estepilha, passageiros e transeuntes sem espa\u00e7o de passagem\" class=\"read-more button\" href=\"https:\/\/madeiraisland.news\/?p=1194832#more-1194832\" aria-label=\"Read more about Estepilha, passageiros e transeuntes sem espa\u00e7o de passagem\">Read more<\/a><\/p>\n","protected":false},"author":260,"featured_media":0,"comment_status":"open","ping_status":"","sticky":false,"template":"","format":"standard","meta":{"footnotes":""},"categories":[19],"tags":[],"class_list":["post-1194832","post","type-post","status-publish","format-standard","hentry","category-madeira-island-news","infinite-scroll-item","masonry-post","generate-columns","tablet-grid-50","mobile-grid-100","grid-parent","grid-33"],"_links":{"self":[{"href":"https:\/\/madeiraisland.news\/index.php?rest_route=\/wp\/v2\/posts\/1194832","targetHints":{"allow":["GET"]}}],"collection":[{"href":"https:\/\/madeiraisland.news\/index.php?rest_route=\/wp\/v2\/posts"}],"about":[{"href":"https:\/\/madeiraisland.news\/index.php?rest_route=\/wp\/v2\/types\/post"}],"author":[{"embeddable":true,"href":"https:\/\/madeiraisland.news\/index.php?rest_route=\/wp\/v2\/users\/260"}],"replies":[{"embeddable":true,"href":"https:\/\/madeiraisland.news\/index.php?rest_route=%2Fwp%2Fv2%2Fcomments&post=1194832"}],"version-history":[{"count":1,"href":"https:\/\/madeiraisland.news\/index.php?rest_route=\/wp\/v2\/posts\/1194832\/revisions"}],"predecessor-version":[{"id":1194833,"href":"https:\/\/madeiraisland.news\/index.php?rest_route=\/wp\/v2\/posts\/1194832\/revisions\/1194833"}],"wp:attachment":[{"href":"https:\/\/madeiraisland.news\/index.php?rest_route=%2Fwp%2Fv2%2Fmedia&parent=1194832"}],"wp:term":[{"taxonomy":"category","embeddable":true,"href":"https:\/\/madeiraisland.news\/index.php?rest_route=%2Fwp%2Fv2%2Fcategories&post=1194832"},{"taxonomy":"post_tag","embeddable":true,"href":"https:\/\/madeiraisland.news\/index.php?rest_route=%2Fwp%2Fv2%2Ftags&post=1194832"}],"curies":[{"name":"wp","href":"https:\/\/api.w.org\/{rel}","templated":true}]}}